{"id":20248,"date":"2022-10-03T21:06:09","date_gmt":"2022-10-03T19:06:09","guid":{"rendered":"https:\/\/www.richteronweb.de\/?p=20248"},"modified":"2022-10-05T15:25:10","modified_gmt":"2022-10-05T13:25:10","slug":"gala-preisverleihung-des-goldenen-silbernen-und-bronzenen-homer-im-altstadttheater-ingoldstadt","status":"publish","type":"post","link":"https:\/\/www.richteronweb.de\/?p=20248","title":{"rendered":"Gala &#8211; Preisverleihung des Goldenen, Silbernen und Bronzenen Homer im Altstadttheater Ingolstadt"},"content":{"rendered":"<p><a href=\"https:\/\/www.richteronweb.de\/wp-content\/uploads\/2022\/10\/FB_IMG_1664714294548.jpg\"><img loading=\"lazy\" decoding=\"async\" class=\"alignnone size-medium wp-image-20250\" src=\"https:\/\/www.richteronweb.de\/wp-content\/uploads\/2022\/10\/FB_IMG_1664714294548-300x300.jpg\" alt=\"\" width=\"300\" height=\"300\" srcset=\"https:\/\/www.richteronweb.de\/wp-content\/uploads\/2022\/10\/FB_IMG_1664714294548-300x300.jpg 300w, https:\/\/www.richteronweb.de\/wp-content\/uploads\/2022\/10\/FB_IMG_1664714294548-700x700.jpg 700w, https:\/\/www.richteronweb.de\/wp-content\/uploads\/2022\/10\/FB_IMG_1664714294548-150x150.jpg 150w, https:\/\/www.richteronweb.de\/wp-content\/uploads\/2022\/10\/FB_IMG_1664714294548-768x768.jpg 768w, https:\/\/www.richteronweb.de\/wp-content\/uploads\/2022\/10\/FB_IMG_1664714294548-88x88.jpg 88w, https:\/\/www.richteronweb.de\/wp-content\/uploads\/2022\/10\/FB_IMG_1664714294548-900x900.jpg 900w, https:\/\/www.richteronweb.de\/wp-content\/uploads\/2022\/10\/FB_IMG_1664714294548.jpg 1080w\" sizes=\"auto, (max-width: 300px) 100vw, 300px\" \/><\/a><\/p>\n<p><span style=\"color:#000000;\"><em><strong>Am 01. Oktober 2022 war es dann endlich soweit. Ich fuhr nach Ingolstadt zur Preisverleihung des Goldenen, Silbernen und Bronzenen Homer. Ich bin mit der DB dort hingefahren und mit einer 60 min\u00fctigen Versp\u00e4tung dann in Ingolstadt um 14 Uhr angekommen. Habe mich im Altstadthotel eingecheckt und bin noch etwas in die Stadt gegangen, um mir die frische Luft um die Nase wehen zu lassen. Ich begegnete am Ausgang meinen beiden Bloggerkolleginnen Anke Gehrke-Behrend<\/strong><\/em> (<span style=\"color:#808080;\"><em><strong><a style=\"color: #808080;\" href=\"https:\/\/svanvithe.blogspot.com\/\">https:\/\/svanvithe.blogspot.com\/<\/a><\/strong><\/em><\/span><em><strong>) und Patricia Nossol (<\/strong><\/em><span style=\"color:#808080;\"><em><strong><a href=\"https:\/\/nichtohnebuch.blogspot.com\/\">https:\/\/nichtohnebuch.blogspot.com\/<\/a><\/strong><\/em><\/span><em><strong>), wie auch den beiden Autorinnen Johanna von Wild und Priska Lo Cascio. Nach meinem kleinen Spaziergang war ich auf dem Zimmer zur Ruhe gekommen und sogar eingeschlafen&#8230; Ich habe euch vier Bilder zur Ansicht reingestellt, wie dort die Stadth\u00e4user aussehen. Mir hat das sehr gefallen.<\/strong><\/em><\/span><\/p>\n<p><a href=\"https:\/\/www.richteronweb.de\/wp-content\/uploads\/2022\/10\/FB_IMG_1664813616843.jpg\"><img loading=\"lazy\" decoding=\"async\" class=\"alignnone size-medium wp-image-20258\" src=\"https:\/\/www.richteronweb.de\/wp-content\/uploads\/2022\/10\/FB_IMG_1664813616843-225x300.jpg\" alt=\"\" width=\"225\" height=\"300\" srcset=\"https:\/\/www.richteronweb.de\/wp-content\/uploads\/2022\/10\/FB_IMG_1664813616843-225x300.jpg 225w, https:\/\/www.richteronweb.de\/wp-content\/uploads\/2022\/10\/FB_IMG_1664813616843-700x933.jpg 700w, https:\/\/www.richteronweb.de\/wp-content\/uploads\/2022\/10\/FB_IMG_1664813616843-768x1024.jpg 768w, https:\/\/www.richteronweb.de\/wp-content\/uploads\/2022\/10\/FB_IMG_1664813616843-900x1200.jpg 900w, https:\/\/www.richteronweb.de\/wp-content\/uploads\/2022\/10\/FB_IMG_1664813616843.jpg 1080w\" sizes=\"auto, (max-width: 225px) 100vw, 225px\" \/><\/a><\/p>\n<p><a href=\"https:\/\/www.richteronweb.de\/wp-content\/uploads\/2022\/10\/FB_IMG_1664813624321.jpg\"><img loading=\"lazy\" decoding=\"async\" class=\"alignnone size-medium wp-image-20259\" src=\"https:\/\/www.richteronweb.de\/wp-content\/uploads\/2022\/10\/FB_IMG_1664813624321-225x300.jpg\" alt=\"\" width=\"225\" height=\"300\" srcset=\"https:\/\/www.richteronweb.de\/wp-content\/uploads\/2022\/10\/FB_IMG_1664813624321-225x300.jpg 225w, https:\/\/www.richteronweb.de\/wp-content\/uploads\/2022\/10\/FB_IMG_1664813624321-700x933.jpg 700w, https:\/\/www.richteronweb.de\/wp-content\/uploads\/2022\/10\/FB_IMG_1664813624321-768x1024.jpg 768w, https:\/\/www.richteronweb.de\/wp-content\/uploads\/2022\/10\/FB_IMG_1664813624321-900x1200.jpg 900w, https:\/\/www.richteronweb.de\/wp-content\/uploads\/2022\/10\/FB_IMG_1664813624321.jpg 1080w\" sizes=\"auto, (max-width: 225px) 100vw, 225px\" \/><\/a><\/p>\n<p><a href=\"https:\/\/www.richteronweb.de\/wp-content\/uploads\/2022\/10\/FB_IMG_1664813629908.jpg\"><img loading=\"lazy\" decoding=\"async\" class=\"alignnone size-medium wp-image-20260\" src=\"https:\/\/www.richteronweb.de\/wp-content\/uploads\/2022\/10\/FB_IMG_1664813629908-225x300.jpg\" alt=\"\" width=\"225\" height=\"300\" srcset=\"https:\/\/www.richteronweb.de\/wp-content\/uploads\/2022\/10\/FB_IMG_1664813629908-225x300.jpg 225w, https:\/\/www.richteronweb.de\/wp-content\/uploads\/2022\/10\/FB_IMG_1664813629908-700x933.jpg 700w, https:\/\/www.richteronweb.de\/wp-content\/uploads\/2022\/10\/FB_IMG_1664813629908-768x1024.jpg 768w, https:\/\/www.richteronweb.de\/wp-content\/uploads\/2022\/10\/FB_IMG_1664813629908-900x1200.jpg 900w, https:\/\/www.richteronweb.de\/wp-content\/uploads\/2022\/10\/FB_IMG_1664813629908.jpg 1080w\" sizes=\"auto, (max-width: 225px) 100vw, 225px\" \/><\/a><\/p>\n<p><a href=\"https:\/\/www.richteronweb.de\/wp-content\/uploads\/2022\/10\/FB_IMG_1664813637196.jpg\"><img loading=\"lazy\" decoding=\"async\" class=\"alignnone size-medium wp-image-20261\" src=\"https:\/\/www.richteronweb.de\/wp-content\/uploads\/2022\/10\/FB_IMG_1664813637196-225x300.jpg\" alt=\"\" width=\"225\" height=\"300\" srcset=\"https:\/\/www.richteronweb.de\/wp-content\/uploads\/2022\/10\/FB_IMG_1664813637196-225x300.jpg 225w, https:\/\/www.richteronweb.de\/wp-content\/uploads\/2022\/10\/FB_IMG_1664813637196-700x933.jpg 700w, https:\/\/www.richteronweb.de\/wp-content\/uploads\/2022\/10\/FB_IMG_1664813637196-768x1024.jpg 768w, https:\/\/www.richteronweb.de\/wp-content\/uploads\/2022\/10\/FB_IMG_1664813637196-900x1200.jpg 900w, https:\/\/www.richteronweb.de\/wp-content\/uploads\/2022\/10\/FB_IMG_1664813637196.jpg 1080w\" sizes=\"auto, (max-width: 225px) 100vw, 225px\" \/><\/a><\/p>\n<p><span style=\"color:#000000;\"><em><strong>Die Gala begann um 20 Uhr 30 im Altstadttheater von Ingolstadt. Beim Betreten des Ambiente war ich sofort geflashed. Ich sah schon soviele bekannte Gesichter, denen ich endlich pers\u00f6nlich die Hand sch\u00fctteln konnte bzw. durfte. Man lernte sich ja erst durch die Homer Bloggeraktion auf den Social Media virtuell kennen. Und an diesem Samstag Abend &#8211; LIVE und in Farbe. Es war einfach nur spannend. Ich m\u00f6chte euch ein wenig vom Ablauf des Abends erz\u00e4hlen.<\/strong><\/em><\/span><\/p>\n<p><a href=\"https:\/\/www.richteronweb.de\/wp-content\/uploads\/2022\/10\/FB_IMG_1664714304932.jpg\"><img loading=\"lazy\" decoding=\"async\" class=\"alignnone size-medium wp-image-20251\" src=\"https:\/\/www.richteronweb.de\/wp-content\/uploads\/2022\/10\/FB_IMG_1664714304932-221x300.jpg\" alt=\"\" width=\"221\" height=\"300\" srcset=\"https:\/\/www.richteronweb.de\/wp-content\/uploads\/2022\/10\/FB_IMG_1664714304932-221x300.jpg 221w, https:\/\/www.richteronweb.de\/wp-content\/uploads\/2022\/10\/FB_IMG_1664714304932-700x951.jpg 700w, https:\/\/www.richteronweb.de\/wp-content\/uploads\/2022\/10\/FB_IMG_1664714304932-768x1044.jpg 768w, https:\/\/www.richteronweb.de\/wp-content\/uploads\/2022\/10\/FB_IMG_1664714304932-900x1223.jpg 900w, https:\/\/www.richteronweb.de\/wp-content\/uploads\/2022\/10\/FB_IMG_1664714304932.jpg 1080w\" sizes=\"auto, (max-width: 221px) 100vw, 221px\" \/><\/a><\/p>\n<p><span style=\"color:#000000;\"><em><strong>Die Moderation \u00fcbernahm an diesem Abend mit einer Begr\u00fc\u00dfung, Carmen Mayer, Jury-Vorstand. Sie hat uns alle Willkommen gehei\u00dfen und versprach uns einen sch\u00f6nen Abend. Das Ganze wurde von der Musikgruppe: Kleine Harmonie mit bekannten Sinfonien, auf sehr alten Instrumenten, untermalt. Es war wirklich auf die Historische Veranstaltung musikalisch abgestimmt.<\/strong><\/em><\/span><\/p>\n<p><a href=\"https:\/\/www.richteronweb.de\/wp-content\/uploads\/2022\/10\/FB_IMG_1664715086305.jpg\"><img loading=\"lazy\" decoding=\"async\" class=\"alignnone size-medium wp-image-20253\" src=\"https:\/\/www.richteronweb.de\/wp-content\/uploads\/2022\/10\/FB_IMG_1664715086305-300x225.jpg\" alt=\"\" width=\"300\" height=\"225\" srcset=\"https:\/\/www.richteronweb.de\/wp-content\/uploads\/2022\/10\/FB_IMG_1664715086305-300x225.jpg 300w, https:\/\/www.richteronweb.de\/wp-content\/uploads\/2022\/10\/FB_IMG_1664715086305-700x525.jpg 700w, https:\/\/www.richteronweb.de\/wp-content\/uploads\/2022\/10\/FB_IMG_1664715086305-768x576.jpg 768w, https:\/\/www.richteronweb.de\/wp-content\/uploads\/2022\/10\/FB_IMG_1664715086305-900x675.jpg 900w, https:\/\/www.richteronweb.de\/wp-content\/uploads\/2022\/10\/FB_IMG_1664715086305.jpg 1080w\" sizes=\"auto, (max-width: 300px) 100vw, 300px\" \/><\/a><\/p>\n<p><span style=\"color:#000000;\"><em><strong>Man lernte das ganze Team der Vereinigung &#8220;HOMER&#8221; an diesem Abend kennen. Somit bekam man ein Bild von deren Vereinsarbeit. Und das ist schon eine freiwillige soziale Arbeit, der man w\u00fcrdigen sollte. Man kann beim &#8220;HOMER&#8221; auch immer Mitglied werden und dadurch das ganze noch finanziell f\u00f6rdern<\/strong><\/em>.<\/span><\/p>\n<p><em><strong>Carmen Mayer (<\/strong><\/em><span class=\"gvxzyvdx aeinzg81 t7p7dqev gh25dzvf ocv3nf92 b6ax4al1 gem102v4 ncib64c9 mrvwc6qr sx8pxkcf f597kf1v cpcgwwas f5mw3jnl ib8x7mpr k1z55t6l oog5qr5w tes86rjd pbevjfx6 ztn2w49o\" dir=\"auto\"><em><strong>Jury-Koordinatorin),<\/strong><\/em><\/span><em><strong> Sabine Wei\u00df (Schriftf\u00fchrerin), Nadja Beinert (Kassenwart), Christina Auerbach (1. Vorsitzende) und Kerstin Gr\u00f6per-Schm\u00e4ling (2. Vorsitzende) sind hier auf dem Foto zu sehen. Alle 5 haben einen glanzvollen Abend geschaffen. Alle f\u00fcnf sind sogar selbst als Schriftstellerinnen t\u00e4tig.<\/strong><\/em><\/p>\n<p><a href=\"https:\/\/www.richteronweb.de\/wp-content\/uploads\/2022\/10\/FB_IMG_1664815752161.jpg\"><img loading=\"lazy\" decoding=\"async\" class=\"alignnone size-medium wp-image-20262\" src=\"https:\/\/www.richteronweb.de\/wp-content\/uploads\/2022\/10\/FB_IMG_1664815752161-300x169.jpg\" alt=\"\" width=\"300\" height=\"169\" srcset=\"https:\/\/www.richteronweb.de\/wp-content\/uploads\/2022\/10\/FB_IMG_1664815752161-300x169.jpg 300w, https:\/\/www.richteronweb.de\/wp-content\/uploads\/2022\/10\/FB_IMG_1664815752161-700x394.jpg 700w, https:\/\/www.richteronweb.de\/wp-content\/uploads\/2022\/10\/FB_IMG_1664815752161-768x432.jpg 768w, https:\/\/www.richteronweb.de\/wp-content\/uploads\/2022\/10\/FB_IMG_1664815752161-900x507.jpg 900w, https:\/\/www.richteronweb.de\/wp-content\/uploads\/2022\/10\/FB_IMG_1664815752161.jpg 1080w\" sizes=\"auto, (max-width: 300px) 100vw, 300px\" \/><\/a><\/p>\n<p><span style=\"color:#000000;\"><em><strong>Und nun m\u00f6chte ich euch verraten, wer denn die drei Gewinner der Preise wurden. Ihr wi\u00dft ja noch, das 12 B\u00fccher von 11 Autoren nomminiert wurden. Ich m\u00f6chte nochmals allen meine Gratulation aussprechen, denn alle 11 haben wundervolle historische Geschichten geschaffen. Und hier f\u00fcr euch, nochmals die Aufstellung:<\/strong><\/em><\/span><\/p>\n<div class=\"post-content entry-content\"><span style=\"color:#000000;\"><em><strong>Verrat in Colonia von Maria <\/strong><\/em><em><strong>W. Peter <\/strong><\/em><\/span><br \/>\n<span style=\"color:#000000;\"><em><strong>Sie nannten ihn Cid von Mac P. Lorne <\/strong><\/em><\/span><br \/>\n<span style=\"color:#000000;\"><em><strong>Die Mission des Kreuzritters von Ulf Schiewe <\/strong><\/em><\/span><br \/>\n<span style=\"color:#000000;\"><em><strong>Krone des Himmels von Juliane Stadler<\/strong><\/em><br \/>\n<em><strong>In den Klauen der Macht von Ana Pawlik <\/strong><\/em><\/span><br \/>\n<span style=\"color:#000000;\"><em><strong>Die Rache des Lombarden von Petra Schier<\/strong><\/em><\/span><br \/>\n<span style=\"color:#000000;\"><em><strong>Der Pfeiler der Gerechtigkeit von Johanna von Wild <\/strong><\/em><\/span><br \/>\n<span style=\"color:#000000;\"><em><strong>Die Aschenbrennerin von Birgit Hermann<\/strong><\/em><\/span><br \/>\n<span style=\"color:#000000;\"><em><strong>Eisflut 1784 von Marco Hasenkopf<\/strong><\/em><\/span><br \/>\n<span style=\"color:#000000;\"><em><strong>Tr\u00e4ume von Freiheit \u2013 Ferner Horizont von Silke B\u00f6schen<\/strong><\/em><\/span><br \/>\n<span style=\"color:#000000;\"><em><strong>Die Toten\u00e4rztin \u2013 Goldene Rache von Ren\u00e9 Anour<\/strong><\/em><\/span><br \/>\n<span style=\"color:#000000;\"><em><strong>Die Toten\u00e4rztin \u2013 Wiener Blut von Ren\u00e9 Anour<\/strong><\/em><\/span><\/p>\n<p><img loading=\"lazy\" decoding=\"async\" class=\"alignnone wp-image-20252 size-full\" src=\"https:\/\/www.richteronweb.de\/wp-content\/uploads\/2022\/10\/FB_IMG_1664714310918.jpg\" width=\"1080\" height=\"608\" srcset=\"https:\/\/www.richteronweb.de\/wp-content\/uploads\/2022\/10\/FB_IMG_1664714310918.jpg 1080w, https:\/\/www.richteronweb.de\/wp-content\/uploads\/2022\/10\/FB_IMG_1664714310918-300x169.jpg 300w, https:\/\/www.richteronweb.de\/wp-content\/uploads\/2022\/10\/FB_IMG_1664714310918-700x394.jpg 700w, https:\/\/www.richteronweb.de\/wp-content\/uploads\/2022\/10\/FB_IMG_1664714310918-768x432.jpg 768w, https:\/\/www.richteronweb.de\/wp-content\/uploads\/2022\/10\/FB_IMG_1664714310918-900x507.jpg 900w\" sizes=\"auto, (max-width: 1080px) 100vw, 1080px\" \/><\/p>\n<p><strong><em>Hier haben wir ein Photo von den anwesenden nominierten Autoren und Autorinnen. Petra Schier und Maria W. Peter konnten leider nicht teilnehmen. <\/em><\/strong><\/p>\n<p><strong><em>Und nun die Bekanntgabe der Preistr\u00e4ger:<\/em><\/strong><br \/>\n<span style=\"color:#000000;\"><em><strong>Der Bronzene HOMER ging<\/strong><\/em><\/span><span style=\"color:#000000;\"><em><strong> an den Autor Mac P. Lorne mit seinem Roman: &#8220;Sie nannten ihn Cid<\/strong><\/em><\/span><em><strong>&#8221; und die passende Laudatio dazu wurde von Kerstin Gr\u00f6per (2.Vorstand von Homer) und Autorin gehalten<\/strong><\/em>.<\/p>\n<p><a href=\"https:\/\/www.richteronweb.de\/wp-content\/uploads\/2022\/04\/fb_blogtour20222.png\"><img loading=\"lazy\" decoding=\"async\" class=\"alignnone size-medium wp-image-19192\" src=\"https:\/\/www.richteronweb.de\/wp-content\/uploads\/2022\/04\/fb_blogtour20222-300x251.png\" alt=\"\" width=\"300\" height=\"251\" srcset=\"https:\/\/www.richteronweb.de\/wp-content\/uploads\/2022\/04\/fb_blogtour20222-300x251.png 300w, https:\/\/www.richteronweb.de\/wp-content\/uploads\/2022\/04\/fb_blogtour20222-700x587.png 700w, https:\/\/www.richteronweb.de\/wp-content\/uploads\/2022\/04\/fb_blogtour20222-768x644.png 768w, https:\/\/www.richteronweb.de\/wp-content\/uploads\/2022\/04\/fb_blogtour20222-900x754.png 900w, https:\/\/www.richteronweb.de\/wp-content\/uploads\/2022\/04\/fb_blogtour20222.png 940w\" sizes=\"auto, (max-width: 300px) 100vw, 300px\" \/><\/a><\/p>\n<p><span style=\"color:#000000;\"><em><strong>Der Silberne HOMER ging an die Autorin Juliane Stadler mit ihrem Deb\u00fctroman: &#8220;Krone des Himmels<\/strong><\/em><\/span><em><strong>&#8221; und die passende Laudatio wurde von der Buchbloggerin Anke Gehrke-Behrend gehalten. <\/strong><\/em><\/p>\n<p><a href=\"https:\/\/www.richteronweb.de\/wp-content\/uploads\/2022\/05\/fb_blogtour20224.png\"><img loading=\"lazy\" decoding=\"async\" class=\"alignnone size-medium wp-image-19245\" src=\"https:\/\/www.richteronweb.de\/wp-content\/uploads\/2022\/05\/fb_blogtour20224-300x251.png\" alt=\"\" width=\"300\" height=\"251\" srcset=\"https:\/\/www.richteronweb.de\/wp-content\/uploads\/2022\/05\/fb_blogtour20224-300x251.png 300w, https:\/\/www.richteronweb.de\/wp-content\/uploads\/2022\/05\/fb_blogtour20224-700x587.png 700w, https:\/\/www.richteronweb.de\/wp-content\/uploads\/2022\/05\/fb_blogtour20224-768x644.png 768w, https:\/\/www.richteronweb.de\/wp-content\/uploads\/2022\/05\/fb_blogtour20224-900x754.png 900w, https:\/\/www.richteronweb.de\/wp-content\/uploads\/2022\/05\/fb_blogtour20224.png 940w\" sizes=\"auto, (max-width: 300px) 100vw, 300px\" \/><\/a><\/p>\n<p><span style=\"color:#000000;\"><em><strong>Der Goldene HOMER ging an den Autor Marco Hasenkopf mit seinem Roman: &#8220;Eisflut 1784<\/strong><\/em><\/span><em><strong>&#8221; und die passende Laudatio wurde von der Homer Schriftf\u00fchrerin und Autorin Sabine Wei\u00df gehalten<\/strong><\/em>.<\/p>\n<p><a href=\"https:\/\/www.richteronweb.de\/wp-content\/uploads\/2022\/05\/fb_blogtour20229.png\"><img loading=\"lazy\" decoding=\"async\" class=\"alignnone size-medium wp-image-19281\" src=\"https:\/\/www.richteronweb.de\/wp-content\/uploads\/2022\/05\/fb_blogtour20229-300x251.png\" alt=\"\" width=\"300\" height=\"251\" srcset=\"https:\/\/www.richteronweb.de\/wp-content\/uploads\/2022\/05\/fb_blogtour20229-300x251.png 300w, https:\/\/www.richteronweb.de\/wp-content\/uploads\/2022\/05\/fb_blogtour20229-700x587.png 700w, https:\/\/www.richteronweb.de\/wp-content\/uploads\/2022\/05\/fb_blogtour20229-768x644.png 768w, https:\/\/www.richteronweb.de\/wp-content\/uploads\/2022\/05\/fb_blogtour20229-900x754.png 900w, https:\/\/www.richteronweb.de\/wp-content\/uploads\/2022\/05\/fb_blogtour20229.png 940w\" sizes=\"auto, (max-width: 300px) 100vw, 300px\" \/><\/a><\/p>\n<p><span style=\"color:#800000;\"><em><strong>Herzlichen Gl\u00fcckwunsch!<\/strong><\/em><em> <\/em><\/span><\/p>\n<p><img loading=\"lazy\" decoding=\"async\" class=\"wp-image-20255 alignnone size-full\" src=\"https:\/\/www.richteronweb.de\/wp-content\/uploads\/2022\/10\/IMG_20221001_212531-scaled.jpg\" width=\"2560\" height=\"1950\" srcset=\"https:\/\/www.richteronweb.de\/wp-content\/uploads\/2022\/10\/IMG_20221001_212531-scaled.jpg 2560w, https:\/\/www.richteronweb.de\/wp-content\/uploads\/2022\/10\/IMG_20221001_212531-300x229.jpg 300w, https:\/\/www.richteronweb.de\/wp-content\/uploads\/2022\/10\/IMG_20221001_212531-700x533.jpg 700w, https:\/\/www.richteronweb.de\/wp-content\/uploads\/2022\/10\/IMG_20221001_212531-768x585.jpg 768w, https:\/\/www.richteronweb.de\/wp-content\/uploads\/2022\/10\/IMG_20221001_212531-1536x1170.jpg 1536w, https:\/\/www.richteronweb.de\/wp-content\/uploads\/2022\/10\/IMG_20221001_212531-2048x1560.jpg 2048w, https:\/\/www.richteronweb.de\/wp-content\/uploads\/2022\/10\/IMG_20221001_212531-900x686.jpg 900w, https:\/\/www.richteronweb.de\/wp-content\/uploads\/2022\/10\/IMG_20221001_212531-1280x975.jpg 1280w\" sizes=\"auto, (max-width: 2560px) 100vw, 2560px\" \/><br \/>\n<span style=\"color:#000000;\"><em><strong>Nun war nach der Verleihung der Preise, die Veranstaltung in den gem\u00fctlichen Teil \u00fcbergegangen. Durch das Austauschen bei den Gespr\u00e4chen, hat man einiges von den Schriftstellern und Schriftstellerinnen erfahren, wie sie leben, wie sie arbeiten u.a. Ich pers\u00f6nlich fand es einen wirklich gelungenen und durchdachten Abend und ich bin mit ganz tollen Erinnerungen heimgekehrt.<\/strong><\/em><\/span><\/p>\n<p><img loading=\"lazy\" decoding=\"async\" class=\"wp-image-20303 alignnone size-full\" src=\"https:\/\/www.richteronweb.de\/wp-content\/uploads\/2022\/10\/image2-22947356559283035276-scaled.jpeg\" width=\"2560\" height=\"1920\" srcset=\"https:\/\/www.richteronweb.de\/wp-content\/uploads\/2022\/10\/image2-22947356559283035276-scaled.jpeg 2560w, https:\/\/www.richteronweb.de\/wp-content\/uploads\/2022\/10\/image2-22947356559283035276-300x225.jpeg 300w, https:\/\/www.richteronweb.de\/wp-content\/uploads\/2022\/10\/image2-22947356559283035276-700x525.jpeg 700w, https:\/\/www.richteronweb.de\/wp-content\/uploads\/2022\/10\/image2-22947356559283035276-768x576.jpeg 768w, https:\/\/www.richteronweb.de\/wp-content\/uploads\/2022\/10\/image2-22947356559283035276-1536x1152.jpeg 1536w, https:\/\/www.richteronweb.de\/wp-content\/uploads\/2022\/10\/image2-22947356559283035276-2048x1536.jpeg 2048w, https:\/\/www.richteronweb.de\/wp-content\/uploads\/2022\/10\/image2-22947356559283035276-900x675.jpeg 900w, https:\/\/www.richteronweb.de\/wp-content\/uploads\/2022\/10\/image2-22947356559283035276-1280x960.jpeg 1280w\" sizes=\"auto, (max-width: 2560px) 100vw, 2560px\" \/><\/p>\n<p><img loading=\"lazy\" decoding=\"async\" class=\"wp-image-20304 alignnone size-full\" src=\"https:\/\/www.richteronweb.de\/wp-content\/uploads\/2022\/10\/image03632508016984297322.jpeg\" width=\"320\" height=\"240\" srcset=\"https:\/\/www.richteronweb.de\/wp-content\/uploads\/2022\/10\/image03632508016984297322.jpeg 320w, https:\/\/www.richteronweb.de\/wp-content\/uploads\/2022\/10\/image03632508016984297322-300x225.jpeg 300w\" sizes=\"auto, (max-width: 320px) 100vw, 320px\" \/><\/p>\n<p><span style=\"color:#000000;\"><cite><strong>Danke an das HOMER Team!<\/strong><\/cite><\/span><\/div>\n","protected":false},"excerpt":{"rendered":"<p>Am 01. Oktober 2022 war es dann endlich soweit. Ich fuhr nach Ingolstadt zur Preisverleihung des Goldenen, Silbernen und Bronzenen Homer. Ich bin mit der DB dort hingefahren und mit einer 60 min\u00fctigen Versp\u00e4tung dann in Ingolstadt um 14 Uhr &hellip; <a href=\"https:\/\/www.richteronweb.de\/?p=20248\">Weiterlesen <span class=\"meta-nav\">&rarr;<\/span><\/a><\/p>\n","protected":false},"author":1,"featured_media":0,"comment_status":"open","ping_status":"open","sticky":false,"template":"","format":"standard","meta":{"_jetpack_memberships_contains_paid_content":false,"footnotes":""},"categories":[1],"tags":[],"class_list":["post-20248","post","type-post","status-publish","format-standard","hentry","category-lesebuch"],"jetpack_featured_media_url":"","jetpack_sharing_enabled":true,"_links":{"self":[{"href":"https:\/\/www.richteronweb.de\/index.php?rest_route=\/wp\/v2\/posts\/20248","targetHints":{"allow":["GET"]}}],"collection":[{"href":"https:\/\/www.richteronweb.de\/index.php?rest_route=\/wp\/v2\/posts"}],"about":[{"href":"https:\/\/www.richteronweb.de\/index.php?rest_route=\/wp\/v2\/types\/post"}],"author":[{"embeddable":true,"href":"https:\/\/www.richteronweb.de\/index.php?rest_route=\/wp\/v2\/users\/1"}],"replies":[{"embeddable":true,"href":"https:\/\/www.richteronweb.de\/index.php?rest_route=%2Fwp%2Fv2%2Fcomments&post=20248"}],"version-history":[{"count":42,"href":"https:\/\/www.richteronweb.de\/index.php?rest_route=\/wp\/v2\/posts\/20248\/revisions"}],"predecessor-version":[{"id":20327,"href":"https:\/\/www.richteronweb.de\/index.php?rest_route=\/wp\/v2\/posts\/20248\/revisions\/20327"}],"wp:attachment":[{"href":"https:\/\/www.richteronweb.de\/index.php?rest_route=%2Fwp%2Fv2%2Fmedia&parent=20248"}],"wp:term":[{"taxonomy":"category","embeddable":true,"href":"https:\/\/www.richteronweb.de\/index.php?rest_route=%2Fwp%2Fv2%2Fcategories&post=20248"},{"taxonomy":"post_tag","embeddable":true,"href":"https:\/\/www.richteronweb.de\/index.php?rest_route=%2Fwp%2Fv2%2Ftags&post=20248"}],"curies":[{"name":"wp","href":"https:\/\/api.w.org\/{rel}","templated":true}]}}