{"id":20107,"date":"2022-09-24T08:30:33","date_gmt":"2022-09-24T06:30:33","guid":{"rendered":"https:\/\/www.richteronweb.de\/?p=20107"},"modified":"2022-09-24T09:52:33","modified_gmt":"2022-09-24T07:52:33","slug":"lesung-heidrun-hurst-2","status":"publish","type":"post","link":"https:\/\/www.richteronweb.de\/?p=20107","title":{"rendered":"Lesung: Heidrun Hurst (2)"},"content":{"rendered":"<p><span style=\"color:#000000;\"><span class=\"fbPhotosPhotoCaption\" id=\"fbPhotoSnowliftCaption\" tabindex=\"0\" data-ft=\"{\" k=\"tn:k\"><span class=\"hasCaption\"><em><strong>\u2606\u00b4\u00a8)<\/strong><\/em><br \/>\n<em><strong>. \u00b8.\u2022\u00b4 \u00b8.\u2022*\u00b4\u00a8) \u2606.(\u00af`\u2022.\u2022\u00b4\u00af)<\/strong><\/em><br \/>\n<em><strong>(.\u00b8.\u2022\u00b4 (\u00b8.\u2022` \u2606 \u00a4\u00ba.`\u2022.\u00b8.\u2022\u00b4 \u2606\u2026.. <\/strong><\/em><\/span><\/span><span class=\"fbPhotosPhotoCaption\" id=\"fbPhotoSnowliftCaption\" tabindex=\"0\" data-ft=\"{\" k=\"tn:k\"><span class=\"hasCaption\"><em><strong>Lesung mit Heidrun Hurst<\/strong><\/em><\/span><\/span><\/span><\/p>\n<p><span style=\"color:#000000;\"><em><strong>Mal wieder seit einer Ewigkeit eine befreundete Autorin, aus meiner Heimat, auf ihrer Lesung von &#8220;Das Weib der Henkers&#8221; in der Mediathek in Lahr besucht. Es ist immer wieder ein sch\u00f6nes Ereignis, wenn man bekannte Autoren\/Autorinnen zum wiederholten Male trifft. Es entsteht dann hin und wieder eine kleine Freundschaft daraus. Und Heidrun Hurst ist mir auch als Person wichtig geworden, nicht nur als Autorin. Nun hat sie in Lahr ihren historischen Roman mit einer Prise Krimi vorgestellt. Der dritte Band um die Heilerin Adelheid und ihrem Mann, der Scharfrichter Martin. Die Handlung spielt um 1350 in dem beeindruckten historischen Stra\u00dfburg, Frankreich. Ich habe sogar das Buch schon gelesen und wurde darauf animiert, den ersten und zweiten Band dazu, auch noch zu lesen. Alle B\u00e4nde kann man aber auch unabh\u00e4gig von einander lesen, da die Autorin ihre Protagonisten sehr gut vorstellt. Ihre Pr\u00e4sentationen waren bisher, immer geschichtlich einwandfrei recherchiert und hinterlie\u00df bei mir immer einen Eindruck, mich in der Geschichte dann fallen zu lassen und ganz nah dabei sein zu k\u00f6nnen. Ich kann die B\u00fccher und ihre Lesungen immer mit reinem Gewissen empfehlen. Es ist eine Reise wert, sie oder ihre B\u00fccher kennen zu lernen.<\/strong><\/em><em> <\/em><\/span><\/p>\n<p><a href=\"https:\/\/www.richteronweb.de\/wp-content\/uploads\/2022\/09\/IMG_20220912_200822-scaled.jpg\"><img loading=\"lazy\" decoding=\"async\" class=\"alignnone size-medium wp-image-20111\" src=\"https:\/\/www.richteronweb.de\/wp-content\/uploads\/2022\/09\/IMG_20220912_200822-225x300.jpg\" alt=\"\" width=\"225\" height=\"300\" srcset=\"https:\/\/www.richteronweb.de\/wp-content\/uploads\/2022\/09\/IMG_20220912_200822-225x300.jpg 225w, https:\/\/www.richteronweb.de\/wp-content\/uploads\/2022\/09\/IMG_20220912_200822-700x933.jpg 700w, https:\/\/www.richteronweb.de\/wp-content\/uploads\/2022\/09\/IMG_20220912_200822-768x1024.jpg 768w, https:\/\/www.richteronweb.de\/wp-content\/uploads\/2022\/09\/IMG_20220912_200822-1152x1536.jpg 1152w, https:\/\/www.richteronweb.de\/wp-content\/uploads\/2022\/09\/IMG_20220912_200822-1536x2048.jpg 1536w, https:\/\/www.richteronweb.de\/wp-content\/uploads\/2022\/09\/IMG_20220912_200822-900x1200.jpg 900w, https:\/\/www.richteronweb.de\/wp-content\/uploads\/2022\/09\/IMG_20220912_200822-1280x1707.jpg 1280w, https:\/\/www.richteronweb.de\/wp-content\/uploads\/2022\/09\/IMG_20220912_200822-scaled.jpg 1920w\" sizes=\"auto, (max-width: 225px) 100vw, 225px\" \/><\/a><\/p>\n","protected":false},"excerpt":{"rendered":"<p>\u2606\u00b4\u00a8) . \u00b8.\u2022\u00b4 \u00b8.\u2022*\u00b4\u00a8) \u2606.(\u00af`\u2022.\u2022\u00b4\u00af) (.\u00b8.\u2022\u00b4 (\u00b8.\u2022` \u2606 \u00a4\u00ba.`\u2022.\u00b8.\u2022\u00b4 \u2606\u2026.. Lesung mit Heidrun Hurst Mal wieder seit einer Ewigkeit eine befreundete Autorin, aus meiner Heimat, auf ihrer Lesung von &#8220;Das Weib der Henkers&#8221; in der Mediathek in Lahr besucht. Es &hellip; <a href=\"https:\/\/www.richteronweb.de\/?p=20107\">Weiterlesen <span class=\"meta-nav\">&rarr;<\/span><\/a><\/p>\n","protected":false},"author":1,"featured_media":0,"comment_status":"open","ping_status":"open","sticky":false,"template":"","format":"standard","meta":{"_jetpack_memberships_contains_paid_content":false,"footnotes":""},"categories":[1],"tags":[],"class_list":["post-20107","post","type-post","status-publish","format-standard","hentry","category-lesebuch"],"jetpack_featured_media_url":"","jetpack_sharing_enabled":true,"_links":{"self":[{"href":"https:\/\/www.richteronweb.de\/index.php?rest_route=\/wp\/v2\/posts\/20107","targetHints":{"allow":["GET"]}}],"collection":[{"href":"https:\/\/www.richteronweb.de\/index.php?rest_route=\/wp\/v2\/posts"}],"about":[{"href":"https:\/\/www.richteronweb.de\/index.php?rest_route=\/wp\/v2\/types\/post"}],"author":[{"embeddable":true,"href":"https:\/\/www.richteronweb.de\/index.php?rest_route=\/wp\/v2\/users\/1"}],"replies":[{"embeddable":true,"href":"https:\/\/www.richteronweb.de\/index.php?rest_route=%2Fwp%2Fv2%2Fcomments&post=20107"}],"version-history":[{"count":6,"href":"https:\/\/www.richteronweb.de\/index.php?rest_route=\/wp\/v2\/posts\/20107\/revisions"}],"predecessor-version":[{"id":20168,"href":"https:\/\/www.richteronweb.de\/index.php?rest_route=\/wp\/v2\/posts\/20107\/revisions\/20168"}],"wp:attachment":[{"href":"https:\/\/www.richteronweb.de\/index.php?rest_route=%2Fwp%2Fv2%2Fmedia&parent=20107"}],"wp:term":[{"taxonomy":"category","embeddable":true,"href":"https:\/\/www.richteronweb.de\/index.php?rest_route=%2Fwp%2Fv2%2Fcategories&post=20107"},{"taxonomy":"post_tag","embeddable":true,"href":"https:\/\/www.richteronweb.de\/index.php?rest_route=%2Fwp%2Fv2%2Ftags&post=20107"}],"curies":[{"name":"wp","href":"https:\/\/api.w.org\/{rel}","templated":true}]}}