{"id":19991,"date":"2022-09-10T19:11:21","date_gmt":"2022-09-10T17:11:21","guid":{"rendered":"https:\/\/www.richteronweb.de\/?p=19991"},"modified":"2022-09-10T19:13:53","modified_gmt":"2022-09-10T17:13:53","slug":"lesung-natascha-radix","status":"publish","type":"post","link":"https:\/\/www.richteronweb.de\/?p=19991","title":{"rendered":"Lesung: Natascha Radix"},"content":{"rendered":"<p><span style=\"color: #000000;\"><strong><em><span id=\"fbPhotoSnowliftCaption\" class=\"fbPhotosPhotoCaption\" tabindex=\"0\" data-ft=\"{&quot;tn&quot;:&quot;K&quot;}\"><span class=\"hasCaption\">\u2606\u00b4\u00a8)<br \/>\n. \u00b8.\u2022\u00b4 \u00b8.\u2022*\u00b4\u00a8) \u2606.(\u00af`\u2022.\u2022\u00b4\u00af)<br \/>\n<\/span><\/span><span id=\"fbPhotoSnowliftCaption\" class=\"fbPhotosPhotoCaption\" tabindex=\"0\" data-ft=\"{&quot;tn&quot;:&quot;K&quot;}\"><span class=\"hasCaption\">(.\u00b8.\u2022\u00b4 (\u00b8.\u2022` \u2606 \u00a4\u00ba.`\u2022.\u00b8.\u2022\u00b4 \u2606\u2026\u2026\u2026..<\/span><\/span> Lesung<\/em><\/strong> <\/span><em><span style=\"color: #000000;\"><strong>mit<\/strong><\/span> <strong><span style=\"color: #000000;\">Natascha Radix<\/span><\/strong><\/em><\/p>\n<p><span style=\"color: #000000;\"><em><strong>Es war wieder ein Freitag der 5. August 2022. Wie fast schon regelm\u00e4\u00dfig besuchte ich eine Lesung in der Wortwerke Buchhandlung in Rastatt. Diesmal war es eine Newcomer Autorin Namens Natascha Radix. Eine kleine Zuschauerrunde von knapp 8 Personen lauschten ihrer Stimme. Sie begann am Anfang der Geschichte, um uns einen Einblick zu erm\u00f6glichen. Sie las laut und deutlich vor, allerdings zu z\u00fcgig. War aber bestimmt der Aufregung zu verschulden. Ihr Deb\u00fct Roman &#8220;Die Kinder der Sonne&#8221; ist im Genre Fantasy erschienen. Sie kam sympathisch auf uns Leser zu. Seit ihrem 14. Lebensjahr hatte sie schon die Eingebung, das sie ihre Romanidee ver\u00f6ffentlichen m\u00f6chte. Die Pandemie gab ihr nun die Zeit daf\u00fcr, neben dem Studium, es in die Tat umzusetzten. W\u00e4re sch\u00f6n, mehr von Natascha Radix zu h\u00f6ren.<\/strong> <\/em><\/span><\/p>\n<p><a href=\"https:\/\/www.richteronweb.de\/wp-content\/uploads\/2022\/09\/IMG_20220805_200630-scaled.jpg\"><img loading=\"lazy\" decoding=\"async\" class=\"alignnone size-medium wp-image-19992\" src=\"https:\/\/www.richteronweb.de\/wp-content\/uploads\/2022\/09\/IMG_20220805_200630-300x225.jpg\" alt=\"\" width=\"300\" height=\"225\" srcset=\"https:\/\/www.richteronweb.de\/wp-content\/uploads\/2022\/09\/IMG_20220805_200630-300x225.jpg 300w, https:\/\/www.richteronweb.de\/wp-content\/uploads\/2022\/09\/IMG_20220805_200630-700x525.jpg 700w, https:\/\/www.richteronweb.de\/wp-content\/uploads\/2022\/09\/IMG_20220805_200630-768x576.jpg 768w, https:\/\/www.richteronweb.de\/wp-content\/uploads\/2022\/09\/IMG_20220805_200630-1536x1152.jpg 1536w, https:\/\/www.richteronweb.de\/wp-content\/uploads\/2022\/09\/IMG_20220805_200630-2048x1536.jpg 2048w, https:\/\/www.richteronweb.de\/wp-content\/uploads\/2022\/09\/IMG_20220805_200630-900x675.jpg 900w, https:\/\/www.richteronweb.de\/wp-content\/uploads\/2022\/09\/IMG_20220805_200630-1280x960.jpg 1280w\" sizes=\"auto, (max-width: 300px) 100vw, 300px\" \/><\/a><\/p>\n","protected":false},"excerpt":{"rendered":"<p>\u2606\u00b4\u00a8) . \u00b8.\u2022\u00b4 \u00b8.\u2022*\u00b4\u00a8) \u2606.(\u00af`\u2022.\u2022\u00b4\u00af) (.\u00b8.\u2022\u00b4 (\u00b8.\u2022` \u2606 \u00a4\u00ba.`\u2022.\u00b8.\u2022\u00b4 \u2606\u2026\u2026\u2026.. Lesung mit Natascha Radix Es war wieder ein Freitag der 5. August 2022. Wie fast schon regelm\u00e4\u00dfig besuchte ich eine Lesung in der Wortwerke Buchhandlung in Rastatt. Diesmal war es &hellip; <a href=\"https:\/\/www.richteronweb.de\/?p=19991\">Weiterlesen <span class=\"meta-nav\">&rarr;<\/span><\/a><\/p>\n","protected":false},"author":1,"featured_media":0,"comment_status":"open","ping_status":"open","sticky":false,"template":"","format":"standard","meta":{"_jetpack_memberships_contains_paid_content":false,"footnotes":""},"categories":[1],"tags":[],"class_list":["post-19991","post","type-post","status-publish","format-standard","hentry","category-lesebuch"],"jetpack_featured_media_url":"","jetpack_sharing_enabled":true,"_links":{"self":[{"href":"https:\/\/www.richteronweb.de\/index.php?rest_route=\/wp\/v2\/posts\/19991","targetHints":{"allow":["GET"]}}],"collection":[{"href":"https:\/\/www.richteronweb.de\/index.php?rest_route=\/wp\/v2\/posts"}],"about":[{"href":"https:\/\/www.richteronweb.de\/index.php?rest_route=\/wp\/v2\/types\/post"}],"author":[{"embeddable":true,"href":"https:\/\/www.richteronweb.de\/index.php?rest_route=\/wp\/v2\/users\/1"}],"replies":[{"embeddable":true,"href":"https:\/\/www.richteronweb.de\/index.php?rest_route=%2Fwp%2Fv2%2Fcomments&post=19991"}],"version-history":[{"count":3,"href":"https:\/\/www.richteronweb.de\/index.php?rest_route=\/wp\/v2\/posts\/19991\/revisions"}],"predecessor-version":[{"id":19995,"href":"https:\/\/www.richteronweb.de\/index.php?rest_route=\/wp\/v2\/posts\/19991\/revisions\/19995"}],"wp:attachment":[{"href":"https:\/\/www.richteronweb.de\/index.php?rest_route=%2Fwp%2Fv2%2Fmedia&parent=19991"}],"wp:term":[{"taxonomy":"category","embeddable":true,"href":"https:\/\/www.richteronweb.de\/index.php?rest_route=%2Fwp%2Fv2%2Fcategories&post=19991"},{"taxonomy":"post_tag","embeddable":true,"href":"https:\/\/www.richteronweb.de\/index.php?rest_route=%2Fwp%2Fv2%2Ftags&post=19991"}],"curies":[{"name":"wp","href":"https:\/\/api.w.org\/{rel}","templated":true}]}}