{"id":18564,"date":"2022-02-28T20:07:56","date_gmt":"2022-02-28T19:07:56","guid":{"rendered":"https:\/\/www.richteronweb.de\/?p=18564"},"modified":"2022-02-28T20:13:00","modified_gmt":"2022-02-28T19:13:00","slug":"die-sonnenwaechter-soellas-weg-von-edda-s-blam","status":"publish","type":"post","link":"https:\/\/www.richteronweb.de\/?p=18564","title":{"rendered":"Die Sonnenw\u00e4chter\/S\u00f6llas Weg von Edda S. Blam"},"content":{"rendered":"<p><a href=\"https:\/\/www.richteronweb.de\/wp-content\/uploads\/2022\/02\/IMG_20220228_104613.jpg\"><img loading=\"lazy\" decoding=\"async\" class=\"alignnone wp-image-18562\" src=\"https:\/\/www.richteronweb.de\/wp-content\/uploads\/2022\/02\/IMG_20220228_104613.jpg\" alt=\"\" width=\"219\" height=\"292\" srcset=\"https:\/\/www.richteronweb.de\/wp-content\/uploads\/2022\/02\/IMG_20220228_104613.jpg 1200w, https:\/\/www.richteronweb.de\/wp-content\/uploads\/2022\/02\/IMG_20220228_104613-225x300.jpg 225w, https:\/\/www.richteronweb.de\/wp-content\/uploads\/2022\/02\/IMG_20220228_104613-700x933.jpg 700w, https:\/\/www.richteronweb.de\/wp-content\/uploads\/2022\/02\/IMG_20220228_104613-768x1024.jpg 768w, https:\/\/www.richteronweb.de\/wp-content\/uploads\/2022\/02\/IMG_20220228_104613-1152x1536.jpg 1152w, https:\/\/www.richteronweb.de\/wp-content\/uploads\/2022\/02\/IMG_20220228_104613-900x1200.jpg 900w\" sizes=\"auto, (max-width: 219px) 100vw, 219px\" \/><\/a><\/p>\n<p><em><strong><span style=\"color: #000000;\">\u273f*\uff9f\u00a8\uff9f\u270e\u2026. S\u00f6llas Geschichte geht weiter<\/span><br \/>\n<\/strong><\/em><\/p>\n<p><span style=\"color: #000000;\"><em><strong>Im zweiten Buch wird S\u00f6lla Mutter und alle Sonnenw\u00e4chter freuen sich dar\u00fcber. Aber &#8211; warum kommen nun Sonnenw\u00e4chter mit Besonderen F\u00e4higkeiten so kurz hintereinander? Erst Gro\u00dfvater Orum, dann S\u00f6lla und dann Jalla. Hat das etwas zu bedeuten? Ich werde hier in eine phantasievolle Geschichte \u00fcber Nichtmenschen entf\u00fchrt und bin durch die ganz andere Ausdrucksweise gefangen. Ein sch\u00f6nes M\u00e4rchen das mit einem Cliffhanger endet. Im dritten Buch erfahren wir hoffentlich, ob alles gut enden wird.<\/strong><\/em><\/span><\/p>\n","protected":false},"excerpt":{"rendered":"<p>\u273f*\uff9f\u00a8\uff9f\u270e\u2026. S\u00f6llas Geschichte geht weiter Im zweiten Buch wird S\u00f6lla Mutter und alle Sonnenw\u00e4chter freuen sich dar\u00fcber. Aber &#8211; warum kommen nun Sonnenw\u00e4chter mit Besonderen F\u00e4higkeiten so kurz hintereinander? Erst Gro\u00dfvater Orum, dann S\u00f6lla und dann Jalla. Hat das etwas &hellip; <a href=\"https:\/\/www.richteronweb.de\/?p=18564\">Weiterlesen <span class=\"meta-nav\">&rarr;<\/span><\/a><\/p>\n","protected":false},"author":1,"featured_media":0,"comment_status":"open","ping_status":"open","sticky":false,"template":"","format":"standard","meta":{"_jetpack_memberships_contains_paid_content":false,"footnotes":""},"categories":[1],"tags":[],"class_list":["post-18564","post","type-post","status-publish","format-standard","hentry","category-lesebuch"],"jetpack_featured_media_url":"","jetpack_sharing_enabled":true,"_links":{"self":[{"href":"https:\/\/www.richteronweb.de\/index.php?rest_route=\/wp\/v2\/posts\/18564","targetHints":{"allow":["GET"]}}],"collection":[{"href":"https:\/\/www.richteronweb.de\/index.php?rest_route=\/wp\/v2\/posts"}],"about":[{"href":"https:\/\/www.richteronweb.de\/index.php?rest_route=\/wp\/v2\/types\/post"}],"author":[{"embeddable":true,"href":"https:\/\/www.richteronweb.de\/index.php?rest_route=\/wp\/v2\/users\/1"}],"replies":[{"embeddable":true,"href":"https:\/\/www.richteronweb.de\/index.php?rest_route=%2Fwp%2Fv2%2Fcomments&post=18564"}],"version-history":[{"count":3,"href":"https:\/\/www.richteronweb.de\/index.php?rest_route=\/wp\/v2\/posts\/18564\/revisions"}],"predecessor-version":[{"id":18571,"href":"https:\/\/www.richteronweb.de\/index.php?rest_route=\/wp\/v2\/posts\/18564\/revisions\/18571"}],"wp:attachment":[{"href":"https:\/\/www.richteronweb.de\/index.php?rest_route=%2Fwp%2Fv2%2Fmedia&parent=18564"}],"wp:term":[{"taxonomy":"category","embeddable":true,"href":"https:\/\/www.richteronweb.de\/index.php?rest_route=%2Fwp%2Fv2%2Fcategories&post=18564"},{"taxonomy":"post_tag","embeddable":true,"href":"https:\/\/www.richteronweb.de\/index.php?rest_route=%2Fwp%2Fv2%2Ftags&post=18564"}],"curies":[{"name":"wp","href":"https:\/\/api.w.org\/{rel}","templated":true}]}}