{"id":17221,"date":"2021-09-30T15:17:44","date_gmt":"2021-09-30T13:17:44","guid":{"rendered":"https:\/\/www.richteronweb.de\/?p=17221"},"modified":"2021-09-30T17:46:32","modified_gmt":"2021-09-30T15:46:32","slug":"17221","status":"publish","type":"post","link":"https:\/\/www.richteronweb.de\/?p=17221","title":{"rendered":"Die Raben-Bande\/Abgezockt! (Bd.1) von Sandra K\u00f6nig (H\u00f6rbuch)"},"content":{"rendered":"\n<figure class=\"wp-block-image size-large is-resized\"><img loading=\"lazy\" decoding=\"async\" src=\"https:\/\/www.richteronweb.de\/wp-content\/uploads\/2021\/09\/IMG_20210920_165909-700x933.jpg\" alt=\"\" class=\"wp-image-17172\" width=\"216\" height=\"288\" srcset=\"https:\/\/www.richteronweb.de\/wp-content\/uploads\/2021\/09\/IMG_20210920_165909-700x933.jpg 700w, https:\/\/www.richteronweb.de\/wp-content\/uploads\/2021\/09\/IMG_20210920_165909-225x300.jpg 225w, https:\/\/www.richteronweb.de\/wp-content\/uploads\/2021\/09\/IMG_20210920_165909-768x1024.jpg 768w, https:\/\/www.richteronweb.de\/wp-content\/uploads\/2021\/09\/IMG_20210920_165909-1152x1536.jpg 1152w, https:\/\/www.richteronweb.de\/wp-content\/uploads\/2021\/09\/IMG_20210920_165909-1536x2048.jpg 1536w, https:\/\/www.richteronweb.de\/wp-content\/uploads\/2021\/09\/IMG_20210920_165909-900x1200.jpg 900w, https:\/\/www.richteronweb.de\/wp-content\/uploads\/2021\/09\/IMG_20210920_165909-1280x1707.jpg 1280w, https:\/\/www.richteronweb.de\/wp-content\/uploads\/2021\/09\/IMG_20210920_165909-scaled.jpg 1920w\" sizes=\"auto, (max-width: 216px) 100vw, 216px\" \/><\/figure>\n\n\n\n<p><em><strong>\u273f*\uff9f\u00a8\uff9f\u270e\u2026.. Abgezockt!<\/strong><\/em><\/p>\n\n\n\n<p><strong><em>Henrik und ich, hatten vor kurzem die Lesung von Sandra K\u00f6nig online verfolgt. Und darauf hin haben wir doch tats\u00e4chlich nochmal den ersten Band der Raben-Bande als H\u00f6rbuch Variante bei Audible gekauft. Und die Folge wurde ganz toll aufgenommen. Der Synchron Sprecher Max Hoffmann hat deutlich und mit kindlicher Spannung vorgelesen. Sogar als Erwachsener Zuh\u00f6rer war ich Wort f\u00fcr Wort dabei. Die beiden anderen B\u00e4nde werden voraussichtlich von der Autorin Sandra K\u00f6nig selbst besprochen. Wir sind gespannt. F\u00fcr Kinder ab 8 Jahren ein toller Kinderkrimi. <\/em><\/strong><\/p>\n","protected":false},"excerpt":{"rendered":"<p>\u273f*\uff9f\u00a8\uff9f\u270e\u2026.. Abgezockt! Henrik und ich, hatten vor kurzem die Lesung von Sandra K\u00f6nig online verfolgt. Und darauf hin haben wir doch tats\u00e4chlich nochmal den ersten Band der Raben-Bande als H\u00f6rbuch Variante bei Audible gekauft. Und die Folge wurde ganz toll &hellip; <a href=\"https:\/\/www.richteronweb.de\/?p=17221\">Weiterlesen <span class=\"meta-nav\">&rarr;<\/span><\/a><\/p>\n","protected":false},"author":1,"featured_media":0,"comment_status":"open","ping_status":"open","sticky":false,"template":"","format":"standard","meta":{"_jetpack_memberships_contains_paid_content":false,"footnotes":""},"categories":[1],"tags":[],"class_list":["post-17221","post","type-post","status-publish","format-standard","hentry","category-lesebuch"],"jetpack_featured_media_url":"","jetpack_sharing_enabled":true,"_links":{"self":[{"href":"https:\/\/www.richteronweb.de\/index.php?rest_route=\/wp\/v2\/posts\/17221","targetHints":{"allow":["GET"]}}],"collection":[{"href":"https:\/\/www.richteronweb.de\/index.php?rest_route=\/wp\/v2\/posts"}],"about":[{"href":"https:\/\/www.richteronweb.de\/index.php?rest_route=\/wp\/v2\/types\/post"}],"author":[{"embeddable":true,"href":"https:\/\/www.richteronweb.de\/index.php?rest_route=\/wp\/v2\/users\/1"}],"replies":[{"embeddable":true,"href":"https:\/\/www.richteronweb.de\/index.php?rest_route=%2Fwp%2Fv2%2Fcomments&post=17221"}],"version-history":[{"count":5,"href":"https:\/\/www.richteronweb.de\/index.php?rest_route=\/wp\/v2\/posts\/17221\/revisions"}],"predecessor-version":[{"id":17232,"href":"https:\/\/www.richteronweb.de\/index.php?rest_route=\/wp\/v2\/posts\/17221\/revisions\/17232"}],"wp:attachment":[{"href":"https:\/\/www.richteronweb.de\/index.php?rest_route=%2Fwp%2Fv2%2Fmedia&parent=17221"}],"wp:term":[{"taxonomy":"category","embeddable":true,"href":"https:\/\/www.richteronweb.de\/index.php?rest_route=%2Fwp%2Fv2%2Fcategories&post=17221"},{"taxonomy":"post_tag","embeddable":true,"href":"https:\/\/www.richteronweb.de\/index.php?rest_route=%2Fwp%2Fv2%2Ftags&post=17221"}],"curies":[{"name":"wp","href":"https:\/\/api.w.org\/{rel}","templated":true}]}}