{"id":17145,"date":"2021-09-18T18:44:34","date_gmt":"2021-09-18T16:44:34","guid":{"rendered":"https:\/\/www.richteronweb.de\/?p=17145"},"modified":"2021-09-18T18:44:34","modified_gmt":"2021-09-18T16:44:34","slug":"ein-maedchen-namens-willow-mein-waldtagebuch-huebsches-notizbuch-fuer-willow-und-wald-fans-von-sabine-bohlmann","status":"publish","type":"post","link":"https:\/\/www.richteronweb.de\/?p=17145","title":{"rendered":"Ein M\u00e4dchen namens Willow: Mein Waldtagebuch: H\u00fcbsches Notizbuch f\u00fcr Willow- und Wald-Fans von Sabine Bohlmann"},"content":{"rendered":"\n<figure class=\"wp-block-image size-large is-resized\"><a href=\"https:\/\/www.richteronweb.de\/wp-content\/uploads\/2021\/09\/IMG_20210911_082251-scaled.jpg\"><img loading=\"lazy\" decoding=\"async\" src=\"https:\/\/www.richteronweb.de\/wp-content\/uploads\/2021\/09\/IMG_20210911_082251-700x933.jpg\" alt=\"\" class=\"wp-image-17146\" width=\"250\" height=\"333\" srcset=\"https:\/\/www.richteronweb.de\/wp-content\/uploads\/2021\/09\/IMG_20210911_082251-700x933.jpg 700w, https:\/\/www.richteronweb.de\/wp-content\/uploads\/2021\/09\/IMG_20210911_082251-225x300.jpg 225w, https:\/\/www.richteronweb.de\/wp-content\/uploads\/2021\/09\/IMG_20210911_082251-768x1024.jpg 768w, https:\/\/www.richteronweb.de\/wp-content\/uploads\/2021\/09\/IMG_20210911_082251-1152x1536.jpg 1152w, https:\/\/www.richteronweb.de\/wp-content\/uploads\/2021\/09\/IMG_20210911_082251-1536x2048.jpg 1536w, https:\/\/www.richteronweb.de\/wp-content\/uploads\/2021\/09\/IMG_20210911_082251-900x1200.jpg 900w, https:\/\/www.richteronweb.de\/wp-content\/uploads\/2021\/09\/IMG_20210911_082251-1280x1707.jpg 1280w, https:\/\/www.richteronweb.de\/wp-content\/uploads\/2021\/09\/IMG_20210911_082251-scaled.jpg 1920w\" sizes=\"auto, (max-width: 250px) 100vw, 250px\" \/><\/a><\/figure>\n\n\n\n<p><strong><em>\u273f*\uff9f\u00a8\uff9f\u270e\u2026..<\/em><\/strong> <strong><em>Mein Wald-Tagebuch<\/em><\/strong><\/p>\n\n\n\n<p><strong><em>Ich habe vom Verlag Planet den zweiten Band von Willow zum Lesen und rezensieren erhalten. Zus\u00e4tzlich war das Wald-Tagebuch mit im Buchpaket. Und nachdem wir mit Willows Geschichte fertig waren, haben wir uns dem Wald-Tagebuch zugewandt. Schon der Klimaneutrale Bucheinband l\u00e4sst sich sehr sch\u00f6n in der Hand halten. Und dann die weitere Aufmachung beim \u00d6ffnen in das Buch, bekommt der Leser einige Tipps, wie er sein Wald-Tagebuch f\u00fchren und ausf\u00fcllen kann. Ich und Henrik sind schon voller Vorfreude, auf den n\u00e4chsten Waldbesuch. Eine sehr wundervolle Idee.<\/em><\/strong><\/p>\n","protected":false},"excerpt":{"rendered":"<p>\u273f*\uff9f\u00a8\uff9f\u270e\u2026.. Mein Wald-Tagebuch Ich habe vom Verlag Planet den zweiten Band von Willow zum Lesen und rezensieren erhalten. Zus\u00e4tzlich war das Wald-Tagebuch mit im Buchpaket. Und nachdem wir mit Willows Geschichte fertig waren, haben wir uns dem Wald-Tagebuch zugewandt. Schon &hellip; <a href=\"https:\/\/www.richteronweb.de\/?p=17145\">Weiterlesen <span class=\"meta-nav\">&rarr;<\/span><\/a><\/p>\n","protected":false},"author":1,"featured_media":0,"comment_status":"open","ping_status":"open","sticky":false,"template":"","format":"standard","meta":{"_jetpack_memberships_contains_paid_content":false,"footnotes":""},"categories":[1],"tags":[],"class_list":["post-17145","post","type-post","status-publish","format-standard","hentry","category-lesebuch"],"jetpack_featured_media_url":"","jetpack_sharing_enabled":true,"_links":{"self":[{"href":"https:\/\/www.richteronweb.de\/index.php?rest_route=\/wp\/v2\/posts\/17145","targetHints":{"allow":["GET"]}}],"collection":[{"href":"https:\/\/www.richteronweb.de\/index.php?rest_route=\/wp\/v2\/posts"}],"about":[{"href":"https:\/\/www.richteronweb.de\/index.php?rest_route=\/wp\/v2\/types\/post"}],"author":[{"embeddable":true,"href":"https:\/\/www.richteronweb.de\/index.php?rest_route=\/wp\/v2\/users\/1"}],"replies":[{"embeddable":true,"href":"https:\/\/www.richteronweb.de\/index.php?rest_route=%2Fwp%2Fv2%2Fcomments&post=17145"}],"version-history":[{"count":1,"href":"https:\/\/www.richteronweb.de\/index.php?rest_route=\/wp\/v2\/posts\/17145\/revisions"}],"predecessor-version":[{"id":17147,"href":"https:\/\/www.richteronweb.de\/index.php?rest_route=\/wp\/v2\/posts\/17145\/revisions\/17147"}],"wp:attachment":[{"href":"https:\/\/www.richteronweb.de\/index.php?rest_route=%2Fwp%2Fv2%2Fmedia&parent=17145"}],"wp:term":[{"taxonomy":"category","embeddable":true,"href":"https:\/\/www.richteronweb.de\/index.php?rest_route=%2Fwp%2Fv2%2Fcategories&post=17145"},{"taxonomy":"post_tag","embeddable":true,"href":"https:\/\/www.richteronweb.de\/index.php?rest_route=%2Fwp%2Fv2%2Ftags&post=17145"}],"curies":[{"name":"wp","href":"https:\/\/api.w.org\/{rel}","templated":true}]}}