{"id":17008,"date":"2021-08-30T20:47:46","date_gmt":"2021-08-30T18:47:46","guid":{"rendered":"https:\/\/www.richteronweb.de\/?p=17008"},"modified":"2021-08-30T21:29:26","modified_gmt":"2021-08-30T19:29:26","slug":"wenn-jedes-wort-nur-liebe-ist-von-lotte-r-woess","status":"publish","type":"post","link":"https:\/\/www.richteronweb.de\/?p=17008","title":{"rendered":"Wenn jedes Wort nur Liebe ist von Lotte R. W\u00f6ss"},"content":{"rendered":"\n<figure class=\"wp-block-image size-large is-resized\"><a href=\"https:\/\/www.richteronweb.de\/wp-content\/uploads\/2021\/08\/IMG_20210830_132657-scaled.jpg\"><img loading=\"lazy\" decoding=\"async\" src=\"https:\/\/www.richteronweb.de\/wp-content\/uploads\/2021\/08\/IMG_20210830_132657-700x933.jpg\" alt=\"\" class=\"wp-image-17001\" width=\"236\" height=\"315\" srcset=\"https:\/\/www.richteronweb.de\/wp-content\/uploads\/2021\/08\/IMG_20210830_132657-700x933.jpg 700w, https:\/\/www.richteronweb.de\/wp-content\/uploads\/2021\/08\/IMG_20210830_132657-225x300.jpg 225w, https:\/\/www.richteronweb.de\/wp-content\/uploads\/2021\/08\/IMG_20210830_132657-768x1024.jpg 768w, https:\/\/www.richteronweb.de\/wp-content\/uploads\/2021\/08\/IMG_20210830_132657-1152x1536.jpg 1152w, https:\/\/www.richteronweb.de\/wp-content\/uploads\/2021\/08\/IMG_20210830_132657-1536x2048.jpg 1536w, https:\/\/www.richteronweb.de\/wp-content\/uploads\/2021\/08\/IMG_20210830_132657-900x1200.jpg 900w, https:\/\/www.richteronweb.de\/wp-content\/uploads\/2021\/08\/IMG_20210830_132657-1280x1707.jpg 1280w, https:\/\/www.richteronweb.de\/wp-content\/uploads\/2021\/08\/IMG_20210830_132657-scaled.jpg 1920w\" sizes=\"auto, (max-width: 236px) 100vw, 236px\" \/><\/a><\/figure>\n\n\n\n<p><em><strong>\u273f*\uff9f\u00a8\uff9f\u270e\u2026.<\/strong><\/em> <strong><em>Mit einer Behinderung leben<\/em><\/strong><\/p>\n\n\n\n<p><strong><em>Ich habe \u00fcber die NOVA MD Agentur das Buch von der \u00f6sterreichischen Autorin erhalten. Das Buchcover ist mal wieder ganz anders und es hat mich eingeladen den Klappentext durchzulesen und schwupp habe ich es schon fertig gelesen. Ich war von der Art, wie Lotte R. W\u00f6ss schrieb, sofort in die Story versunken. Auch von den beiden Hauptprotagonisten war ich von Beginn an begeistert. Der ein oder andere Darsteller war mal nicht so ein toller Charakter, aber auch diese m\u00fcssen in einer Geschichte enthalten sein. Dann das Thema Legasthenie (Die Lese- und Rechtschreibst\u00f6rung (abgek\u00fcrzt LRS genannt) so toll in die Geschichte mit eingebunden, das ich sofort eintauchen konnte. Denn auch ich habe ein Kind mit einer Behinderung (Sprach- und Entwicklungsst\u00f6rung) und somit konnte ich mich etwas in beide Protas hineinf\u00fchlen. W\u00fcrde ich doch glatt irgendwann nochmal lesen, und ich habe noch nie ein Buch zweimal gelesen. Absolute Leseempfehlun<\/em><\/strong>g!<\/p>\n","protected":false},"excerpt":{"rendered":"<p>\u273f*\uff9f\u00a8\uff9f\u270e\u2026. Mit einer Behinderung leben Ich habe \u00fcber die NOVA MD Agentur das Buch von der \u00f6sterreichischen Autorin erhalten. Das Buchcover ist mal wieder ganz anders und es hat mich eingeladen den Klappentext durchzulesen und schwupp habe ich es schon &hellip; <a href=\"https:\/\/www.richteronweb.de\/?p=17008\">Weiterlesen <span class=\"meta-nav\">&rarr;<\/span><\/a><\/p>\n","protected":false},"author":1,"featured_media":0,"comment_status":"open","ping_status":"open","sticky":false,"template":"","format":"standard","meta":{"_jetpack_memberships_contains_paid_content":false,"footnotes":""},"categories":[1],"tags":[],"class_list":["post-17008","post","type-post","status-publish","format-standard","hentry","category-lesebuch"],"jetpack_featured_media_url":"","jetpack_sharing_enabled":true,"_links":{"self":[{"href":"https:\/\/www.richteronweb.de\/index.php?rest_route=\/wp\/v2\/posts\/17008","targetHints":{"allow":["GET"]}}],"collection":[{"href":"https:\/\/www.richteronweb.de\/index.php?rest_route=\/wp\/v2\/posts"}],"about":[{"href":"https:\/\/www.richteronweb.de\/index.php?rest_route=\/wp\/v2\/types\/post"}],"author":[{"embeddable":true,"href":"https:\/\/www.richteronweb.de\/index.php?rest_route=\/wp\/v2\/users\/1"}],"replies":[{"embeddable":true,"href":"https:\/\/www.richteronweb.de\/index.php?rest_route=%2Fwp%2Fv2%2Fcomments&post=17008"}],"version-history":[{"count":4,"href":"https:\/\/www.richteronweb.de\/index.php?rest_route=\/wp\/v2\/posts\/17008\/revisions"}],"predecessor-version":[{"id":17017,"href":"https:\/\/www.richteronweb.de\/index.php?rest_route=\/wp\/v2\/posts\/17008\/revisions\/17017"}],"wp:attachment":[{"href":"https:\/\/www.richteronweb.de\/index.php?rest_route=%2Fwp%2Fv2%2Fmedia&parent=17008"}],"wp:term":[{"taxonomy":"category","embeddable":true,"href":"https:\/\/www.richteronweb.de\/index.php?rest_route=%2Fwp%2Fv2%2Fcategories&post=17008"},{"taxonomy":"post_tag","embeddable":true,"href":"https:\/\/www.richteronweb.de\/index.php?rest_route=%2Fwp%2Fv2%2Ftags&post=17008"}],"curies":[{"name":"wp","href":"https:\/\/api.w.org\/{rel}","templated":true}]}}