{"id":16606,"date":"2021-05-20T16:06:29","date_gmt":"2021-05-20T14:06:29","guid":{"rendered":"https:\/\/www.richteronweb.de\/?p=16606"},"modified":"2021-05-20T16:25:25","modified_gmt":"2021-05-20T14:25:25","slug":"daily-soap-verliebt-in-die-tagessuppe-4-von-m-l-busch-hoerbuch","status":"publish","type":"post","link":"https:\/\/www.richteronweb.de\/?p=16606","title":{"rendered":"Daily Soap \u2013 Verliebt in die Tagessuppe 4 von M. L. Busch (H\u00f6rbuch)"},"content":{"rendered":"\n<figure class=\"wp-block-image size-large is-resized\"><a href=\"https:\/\/www.richteronweb.de\/wp-content\/uploads\/2021\/05\/IMG-20210518-WA0002.jpg\"><img loading=\"lazy\" decoding=\"async\" src=\"https:\/\/www.richteronweb.de\/wp-content\/uploads\/2021\/05\/IMG-20210518-WA0002-700x933.jpg\" alt=\"\" class=\"wp-image-16609\" width=\"212\" height=\"283\" srcset=\"https:\/\/www.richteronweb.de\/wp-content\/uploads\/2021\/05\/IMG-20210518-WA0002-700x933.jpg 700w, https:\/\/www.richteronweb.de\/wp-content\/uploads\/2021\/05\/IMG-20210518-WA0002-225x300.jpg 225w, https:\/\/www.richteronweb.de\/wp-content\/uploads\/2021\/05\/IMG-20210518-WA0002-768x1024.jpg 768w, https:\/\/www.richteronweb.de\/wp-content\/uploads\/2021\/05\/IMG-20210518-WA0002-1152x1536.jpg 1152w, https:\/\/www.richteronweb.de\/wp-content\/uploads\/2021\/05\/IMG-20210518-WA0002-900x1200.jpg 900w, https:\/\/www.richteronweb.de\/wp-content\/uploads\/2021\/05\/IMG-20210518-WA0002.jpg 1200w\" sizes=\"auto, (max-width: 212px) 100vw, 212px\" \/><\/a><\/figure>\n\n\n\n<p><strong><em>\u273f*\uff9f\u00a8\uff9f\u270e\u2026.<\/em><\/strong> <strong><em>Es ist noch Suppe da<\/em><\/strong><\/p>\n\n\n\n<p><strong><em>In dieser Folge wurde Sebastian ins kalte Wasser geschmissen. Wortw\u00f6rtlich! Denn er war mit Rolf allein in der Suppenk\u00fcche und er mu\u00dfte heute eine M\u00f6hrensuppe kochen. Und das ohne Jana! Ob das gut ging, erfahrt ihr, wenn ihr die Daily Soap -Verliebt in die Tagessuppe H\u00f6rbuchreihe anh\u00f6rt. Es ist eine super coole Sache, ein H\u00f6rbuch in Folgen einzuteilen. <\/em><\/strong><\/p>\n","protected":false},"excerpt":{"rendered":"<p>\u273f*\uff9f\u00a8\uff9f\u270e\u2026. Es ist noch Suppe da In dieser Folge wurde Sebastian ins kalte Wasser geschmissen. Wortw\u00f6rtlich! Denn er war mit Rolf allein in der Suppenk\u00fcche und er mu\u00dfte heute eine M\u00f6hrensuppe kochen. Und das ohne Jana! Ob das gut ging, &hellip; <a href=\"https:\/\/www.richteronweb.de\/?p=16606\">Weiterlesen <span class=\"meta-nav\">&rarr;<\/span><\/a><\/p>\n","protected":false},"author":1,"featured_media":0,"comment_status":"open","ping_status":"open","sticky":false,"template":"","format":"standard","meta":{"_jetpack_memberships_contains_paid_content":false,"footnotes":""},"categories":[1],"tags":[],"class_list":["post-16606","post","type-post","status-publish","format-standard","hentry","category-lesebuch"],"jetpack_featured_media_url":"","jetpack_sharing_enabled":true,"_links":{"self":[{"href":"https:\/\/www.richteronweb.de\/index.php?rest_route=\/wp\/v2\/posts\/16606","targetHints":{"allow":["GET"]}}],"collection":[{"href":"https:\/\/www.richteronweb.de\/index.php?rest_route=\/wp\/v2\/posts"}],"about":[{"href":"https:\/\/www.richteronweb.de\/index.php?rest_route=\/wp\/v2\/types\/post"}],"author":[{"embeddable":true,"href":"https:\/\/www.richteronweb.de\/index.php?rest_route=\/wp\/v2\/users\/1"}],"replies":[{"embeddable":true,"href":"https:\/\/www.richteronweb.de\/index.php?rest_route=%2Fwp%2Fv2%2Fcomments&post=16606"}],"version-history":[{"count":2,"href":"https:\/\/www.richteronweb.de\/index.php?rest_route=\/wp\/v2\/posts\/16606\/revisions"}],"predecessor-version":[{"id":16612,"href":"https:\/\/www.richteronweb.de\/index.php?rest_route=\/wp\/v2\/posts\/16606\/revisions\/16612"}],"wp:attachment":[{"href":"https:\/\/www.richteronweb.de\/index.php?rest_route=%2Fwp%2Fv2%2Fmedia&parent=16606"}],"wp:term":[{"taxonomy":"category","embeddable":true,"href":"https:\/\/www.richteronweb.de\/index.php?rest_route=%2Fwp%2Fv2%2Fcategories&post=16606"},{"taxonomy":"post_tag","embeddable":true,"href":"https:\/\/www.richteronweb.de\/index.php?rest_route=%2Fwp%2Fv2%2Ftags&post=16606"}],"curies":[{"name":"wp","href":"https:\/\/api.w.org\/{rel}","templated":true}]}}