{"id":16321,"date":"2021-04-16T19:53:09","date_gmt":"2021-04-16T17:53:09","guid":{"rendered":"https:\/\/www.richteronweb.de\/?p=16321"},"modified":"2021-04-16T19:54:04","modified_gmt":"2021-04-16T17:54:04","slug":"die-tierwandler-alle-hasen-fliegen-hoch-bd-2-von-martina-baumbach","status":"publish","type":"post","link":"https:\/\/www.richteronweb.de\/?p=16321","title":{"rendered":"Die Tierwandler: Alle Hasen fliegen hoch Bd.2 von Martina Baumbach"},"content":{"rendered":"\n<figure class=\"wp-block-image size-large is-resized\"><a href=\"https:\/\/www.richteronweb.de\/wp-content\/uploads\/2021\/04\/IMG_20210415_195846.jpg\"><img loading=\"lazy\" decoding=\"async\" src=\"https:\/\/www.richteronweb.de\/wp-content\/uploads\/2021\/04\/IMG_20210415_195846-700x933.jpg\" alt=\"\" class=\"wp-image-16322\" width=\"196\" height=\"261\" srcset=\"https:\/\/www.richteronweb.de\/wp-content\/uploads\/2021\/04\/IMG_20210415_195846-700x933.jpg 700w, https:\/\/www.richteronweb.de\/wp-content\/uploads\/2021\/04\/IMG_20210415_195846-225x300.jpg 225w, https:\/\/www.richteronweb.de\/wp-content\/uploads\/2021\/04\/IMG_20210415_195846-768x1024.jpg 768w, https:\/\/www.richteronweb.de\/wp-content\/uploads\/2021\/04\/IMG_20210415_195846-1152x1536.jpg 1152w, https:\/\/www.richteronweb.de\/wp-content\/uploads\/2021\/04\/IMG_20210415_195846-900x1200.jpg 900w, https:\/\/www.richteronweb.de\/wp-content\/uploads\/2021\/04\/IMG_20210415_195846.jpg 1200w\" sizes=\"auto, (max-width: 196px) 100vw, 196px\" \/><\/a><\/figure>\n\n\n\n<p><strong><em>\u273f*\uff9f\u00a8\uff9f\u270e\u2026. Zwei Neue Tierwandler<\/em><\/strong><\/p>\n\n\n\n<p><strong><em>Wieder eine gute Fortsetzung die gelungen ist. Buchreihen ihre Spannung beibehalten zu lassen, ist nicht einfach. Hier war diesmal haupts\u00e4chlich Einstein und Wilhelmine, die Hauptprotagonisten. Diese beiden haben sich in diesem Band zum Feldhasen und zum Pudel verwandeln k\u00f6nnen. Henrik und ich hatten eine Menge Spa\u00df beim Lesen und Vorlesen mit den Tierwandler. Absolute Kaufempfehlung f\u00fcr Kinder von 8-11 Jahren.<\/em><\/strong><\/p>\n","protected":false},"excerpt":{"rendered":"<p>\u273f*\uff9f\u00a8\uff9f\u270e\u2026. Zwei Neue Tierwandler Wieder eine gute Fortsetzung die gelungen ist. Buchreihen ihre Spannung beibehalten zu lassen, ist nicht einfach. Hier war diesmal haupts\u00e4chlich Einstein und Wilhelmine, die Hauptprotagonisten. Diese beiden haben sich in diesem Band zum Feldhasen und zum &hellip; <a href=\"https:\/\/www.richteronweb.de\/?p=16321\">Weiterlesen <span class=\"meta-nav\">&rarr;<\/span><\/a><\/p>\n","protected":false},"author":1,"featured_media":0,"comment_status":"open","ping_status":"open","sticky":false,"template":"","format":"standard","meta":{"_jetpack_memberships_contains_paid_content":false,"footnotes":""},"categories":[1],"tags":[],"class_list":["post-16321","post","type-post","status-publish","format-standard","hentry","category-lesebuch"],"jetpack_featured_media_url":"","jetpack_sharing_enabled":true,"_links":{"self":[{"href":"https:\/\/www.richteronweb.de\/index.php?rest_route=\/wp\/v2\/posts\/16321","targetHints":{"allow":["GET"]}}],"collection":[{"href":"https:\/\/www.richteronweb.de\/index.php?rest_route=\/wp\/v2\/posts"}],"about":[{"href":"https:\/\/www.richteronweb.de\/index.php?rest_route=\/wp\/v2\/types\/post"}],"author":[{"embeddable":true,"href":"https:\/\/www.richteronweb.de\/index.php?rest_route=\/wp\/v2\/users\/1"}],"replies":[{"embeddable":true,"href":"https:\/\/www.richteronweb.de\/index.php?rest_route=%2Fwp%2Fv2%2Fcomments&post=16321"}],"version-history":[{"count":2,"href":"https:\/\/www.richteronweb.de\/index.php?rest_route=\/wp\/v2\/posts\/16321\/revisions"}],"predecessor-version":[{"id":16324,"href":"https:\/\/www.richteronweb.de\/index.php?rest_route=\/wp\/v2\/posts\/16321\/revisions\/16324"}],"wp:attachment":[{"href":"https:\/\/www.richteronweb.de\/index.php?rest_route=%2Fwp%2Fv2%2Fmedia&parent=16321"}],"wp:term":[{"taxonomy":"category","embeddable":true,"href":"https:\/\/www.richteronweb.de\/index.php?rest_route=%2Fwp%2Fv2%2Fcategories&post=16321"},{"taxonomy":"post_tag","embeddable":true,"href":"https:\/\/www.richteronweb.de\/index.php?rest_route=%2Fwp%2Fv2%2Ftags&post=16321"}],"curies":[{"name":"wp","href":"https:\/\/api.w.org\/{rel}","templated":true}]}}