{"id":16285,"date":"2021-04-11T11:45:33","date_gmt":"2021-04-11T09:45:33","guid":{"rendered":"https:\/\/www.richteronweb.de\/?p=16285"},"modified":"2021-12-04T18:14:38","modified_gmt":"2021-12-04T17:14:38","slug":"das-leben-ist-zu-kurz-fuer-irgendwann-von-ciara-geraghty","status":"publish","type":"post","link":"https:\/\/www.richteronweb.de\/?p=16285","title":{"rendered":"Das Leben ist zu kurz f\u00fcr irgendwann von Ciara Geraghty"},"content":{"rendered":"\n<figure class=\"wp-block-image size-large is-resized\"><a href=\"https:\/\/www.richteronweb.de\/wp-content\/uploads\/2021\/03\/IMG_20210330_091000-scaled.jpg\"><img loading=\"lazy\" decoding=\"async\" src=\"https:\/\/www.richteronweb.de\/wp-content\/uploads\/2021\/03\/IMG_20210330_091000-700x933.jpg\" alt=\"\" class=\"wp-image-16238\" width=\"243\" height=\"324\" srcset=\"https:\/\/www.richteronweb.de\/wp-content\/uploads\/2021\/03\/IMG_20210330_091000-700x933.jpg 700w, https:\/\/www.richteronweb.de\/wp-content\/uploads\/2021\/03\/IMG_20210330_091000-225x300.jpg 225w, https:\/\/www.richteronweb.de\/wp-content\/uploads\/2021\/03\/IMG_20210330_091000-768x1024.jpg 768w, https:\/\/www.richteronweb.de\/wp-content\/uploads\/2021\/03\/IMG_20210330_091000-1152x1536.jpg 1152w, https:\/\/www.richteronweb.de\/wp-content\/uploads\/2021\/03\/IMG_20210330_091000-1536x2048.jpg 1536w, https:\/\/www.richteronweb.de\/wp-content\/uploads\/2021\/03\/IMG_20210330_091000-900x1200.jpg 900w, https:\/\/www.richteronweb.de\/wp-content\/uploads\/2021\/03\/IMG_20210330_091000-1280x1707.jpg 1280w, https:\/\/www.richteronweb.de\/wp-content\/uploads\/2021\/03\/IMG_20210330_091000-scaled.jpg 1920w\" sizes=\"auto, (max-width: 243px) 100vw, 243px\" \/><\/a><\/figure>\n\n\n\n<p><strong><em>\u273f*\uff9f\u00a8\uff9f\u270e\u2026.. Eine letzte gemeinsame Autofahrt<\/em><\/strong><\/p>\n\n\n\n<p><strong><em>Dieses Buch ist der Hammer!!! <\/em><\/strong><br><strong><em>Ein Buch \u00fcber das eigene Entscheiden, das Leben zu beenden. Suizid mit \u00e4rztlicher Hilfe! Leider nur in wenigen L\u00e4nder gesetzlich unterst\u00fctzt. Und Iris will ihr Leben beenden, weil sie an MS leidet und sie diese Krankheit alleine nicht bew\u00e4ltigen kann. Au\u00dferdem will sie keinem zur Last fallen, eher ihre Freundin entlasten. Terry, bekommt nur durch einen Zufall mit, das was passiert sein mu\u00df und reist Iris hinterher, im Schlepptau ihren demenzkranken Vater. Und es wird eine letzte gemeinsame Fahrt durch das sch\u00f6ne England, Frankreich und dann in die Schweiz. Sie erleben viele Momente und erfahren noch mehr \u00fcber sich selbst und reden \u00fcber den Tod und das danach. Diese Geschichte hat was schmerzvolles, wie Trauer, Angst, Krankheit und Verlust. Aber es gibt auch wundersch\u00f6ne humorvolle Stellen im Buch und das es im Augenblick sch\u00f6n ist, das Leben zu genie\u00dfen, wie es gerade kommt. Ohne Planung! Meine Gef\u00fchlswelt war ein rauf und runter. Habe geheult und gelacht und gelitten. Es wird mich noch eine Weile begleiten, denn die Autorin Ciara Geraghty hat hier ein sehr sensibles Thema angesprochen. Absolut empfehlenswert<\/em><\/strong>.<\/p>\n\n\n\n<p><\/p>\n","protected":false},"excerpt":{"rendered":"<p>\u273f*\uff9f\u00a8\uff9f\u270e\u2026.. Eine letzte gemeinsame Autofahrt Dieses Buch ist der Hammer!!! Ein Buch \u00fcber das eigene Entscheiden, das Leben zu beenden. Suizid mit \u00e4rztlicher Hilfe! Leider nur in wenigen L\u00e4nder gesetzlich unterst\u00fctzt. Und Iris will ihr Leben beenden, weil sie an &hellip; <a href=\"https:\/\/www.richteronweb.de\/?p=16285\">Weiterlesen <span class=\"meta-nav\">&rarr;<\/span><\/a><\/p>\n","protected":false},"author":1,"featured_media":0,"comment_status":"open","ping_status":"open","sticky":false,"template":"","format":"standard","meta":{"_jetpack_memberships_contains_paid_content":false,"footnotes":""},"categories":[1],"tags":[],"class_list":["post-16285","post","type-post","status-publish","format-standard","hentry","category-lesebuch"],"jetpack_featured_media_url":"","jetpack_sharing_enabled":true,"_links":{"self":[{"href":"https:\/\/www.richteronweb.de\/index.php?rest_route=\/wp\/v2\/posts\/16285","targetHints":{"allow":["GET"]}}],"collection":[{"href":"https:\/\/www.richteronweb.de\/index.php?rest_route=\/wp\/v2\/posts"}],"about":[{"href":"https:\/\/www.richteronweb.de\/index.php?rest_route=\/wp\/v2\/types\/post"}],"author":[{"embeddable":true,"href":"https:\/\/www.richteronweb.de\/index.php?rest_route=\/wp\/v2\/users\/1"}],"replies":[{"embeddable":true,"href":"https:\/\/www.richteronweb.de\/index.php?rest_route=%2Fwp%2Fv2%2Fcomments&post=16285"}],"version-history":[{"count":6,"href":"https:\/\/www.richteronweb.de\/index.php?rest_route=\/wp\/v2\/posts\/16285\/revisions"}],"predecessor-version":[{"id":17754,"href":"https:\/\/www.richteronweb.de\/index.php?rest_route=\/wp\/v2\/posts\/16285\/revisions\/17754"}],"wp:attachment":[{"href":"https:\/\/www.richteronweb.de\/index.php?rest_route=%2Fwp%2Fv2%2Fmedia&parent=16285"}],"wp:term":[{"taxonomy":"category","embeddable":true,"href":"https:\/\/www.richteronweb.de\/index.php?rest_route=%2Fwp%2Fv2%2Fcategories&post=16285"},{"taxonomy":"post_tag","embeddable":true,"href":"https:\/\/www.richteronweb.de\/index.php?rest_route=%2Fwp%2Fv2%2Ftags&post=16285"}],"curies":[{"name":"wp","href":"https:\/\/api.w.org\/{rel}","templated":true}]}}