{"id":16121,"date":"2021-03-03T20:36:32","date_gmt":"2021-03-03T19:36:32","guid":{"rendered":"https:\/\/www.richteronweb.de\/?p=16121"},"modified":"2021-03-08T20:10:24","modified_gmt":"2021-03-08T19:10:24","slug":"der-gruene-drache-rotfuss-und-die-tiere-im-wald-von-dagmar-grieneisen","status":"publish","type":"post","link":"https:\/\/www.richteronweb.de\/?p=16121","title":{"rendered":"Der gr\u00fcne Drache Rotfu\u00df und die Tiere im Wald von Dagmar Grieneisen"},"content":{"rendered":"\n<figure class=\"wp-block-image size-large is-resized\"><img loading=\"lazy\" decoding=\"async\" src=\"https:\/\/www.richteronweb.de\/wp-content\/uploads\/2021\/03\/IMG_20210303_113639-700x933.jpg\" alt=\"\" class=\"wp-image-16120\" width=\"212\" height=\"283\" srcset=\"https:\/\/www.richteronweb.de\/wp-content\/uploads\/2021\/03\/IMG_20210303_113639-700x933.jpg 700w, https:\/\/www.richteronweb.de\/wp-content\/uploads\/2021\/03\/IMG_20210303_113639-225x300.jpg 225w, https:\/\/www.richteronweb.de\/wp-content\/uploads\/2021\/03\/IMG_20210303_113639-768x1024.jpg 768w, https:\/\/www.richteronweb.de\/wp-content\/uploads\/2021\/03\/IMG_20210303_113639-1536x2048.jpg 1536w, https:\/\/www.richteronweb.de\/wp-content\/uploads\/2021\/03\/IMG_20210303_113639-1280x1707.jpg 1280w, https:\/\/www.richteronweb.de\/wp-content\/uploads\/2021\/03\/IMG_20210303_113639-scaled.jpg 1920w\" sizes=\"auto, (max-width: 212px) 100vw, 212px\" \/><\/figure>\n\n\n\n<p><em><strong>\u273f*\uff9f\u00a8\uff9f\u270e\u2026. Kinderbuch <\/strong><\/em><\/p>\n\n\n\n<p><em><strong>Ich habe dieses wundersch\u00f6ne Kinderbuch in gebundener Ausgabe geschenkt bekommen. Henrik ist ja schon aus dem Kindesalter raus, aber er fand &#8211; wie auch ich, dass das Buchcover mit dem kleinen gr\u00fcnen Drachen mit dem roten Fu\u00df, einfach sofort anziehend ist. Die Autorin hat hier ganz tolle kleine Geschichten um Tiere, die wir im Wald haben, geschrieben. Der gr\u00fcne Drache muss sich im Wald bis zum Winter allein durchschlagen. Dieser Lernprozess zeigt ihm, welche Tiere im Wald vorkommen. Das Kinderbuch wurde mit <\/strong><\/em><strong><em>super s\u00fc\u00dfen Illustrationen ausgestattet<\/em><\/strong>, <strong><em>das nicht nur f\u00fcr die Kinder ansprechend ist, sondern auch f\u00fcr jung gebliebene Eltern. Ich kann dieses Buch f\u00fcr Leser ab 4 Jahre und dar\u00fcber hinaus empfehlen. <\/em><\/strong><\/p>\n","protected":false},"excerpt":{"rendered":"<p>\u273f*\uff9f\u00a8\uff9f\u270e\u2026. Kinderbuch Ich habe dieses wundersch\u00f6ne Kinderbuch in gebundener Ausgabe geschenkt bekommen. Henrik ist ja schon aus dem Kindesalter raus, aber er fand &#8211; wie auch ich, dass das Buchcover mit dem kleinen gr\u00fcnen Drachen mit dem roten Fu\u00df, einfach &hellip; <a href=\"https:\/\/www.richteronweb.de\/?p=16121\">Weiterlesen <span class=\"meta-nav\">&rarr;<\/span><\/a><\/p>\n","protected":false},"author":1,"featured_media":0,"comment_status":"open","ping_status":"open","sticky":false,"template":"","format":"standard","meta":{"_jetpack_memberships_contains_paid_content":false,"footnotes":""},"categories":[1],"tags":[],"class_list":["post-16121","post","type-post","status-publish","format-standard","hentry","category-lesebuch"],"jetpack_featured_media_url":"","jetpack_sharing_enabled":true,"_links":{"self":[{"href":"https:\/\/www.richteronweb.de\/index.php?rest_route=\/wp\/v2\/posts\/16121","targetHints":{"allow":["GET"]}}],"collection":[{"href":"https:\/\/www.richteronweb.de\/index.php?rest_route=\/wp\/v2\/posts"}],"about":[{"href":"https:\/\/www.richteronweb.de\/index.php?rest_route=\/wp\/v2\/types\/post"}],"author":[{"embeddable":true,"href":"https:\/\/www.richteronweb.de\/index.php?rest_route=\/wp\/v2\/users\/1"}],"replies":[{"embeddable":true,"href":"https:\/\/www.richteronweb.de\/index.php?rest_route=%2Fwp%2Fv2%2Fcomments&post=16121"}],"version-history":[{"count":2,"href":"https:\/\/www.richteronweb.de\/index.php?rest_route=\/wp\/v2\/posts\/16121\/revisions"}],"predecessor-version":[{"id":16137,"href":"https:\/\/www.richteronweb.de\/index.php?rest_route=\/wp\/v2\/posts\/16121\/revisions\/16137"}],"wp:attachment":[{"href":"https:\/\/www.richteronweb.de\/index.php?rest_route=%2Fwp%2Fv2%2Fmedia&parent=16121"}],"wp:term":[{"taxonomy":"category","embeddable":true,"href":"https:\/\/www.richteronweb.de\/index.php?rest_route=%2Fwp%2Fv2%2Fcategories&post=16121"},{"taxonomy":"post_tag","embeddable":true,"href":"https:\/\/www.richteronweb.de\/index.php?rest_route=%2Fwp%2Fv2%2Ftags&post=16121"}],"curies":[{"name":"wp","href":"https:\/\/api.w.org\/{rel}","templated":true}]}}