{"id":16020,"date":"2021-02-19T08:16:03","date_gmt":"2021-02-19T07:16:03","guid":{"rendered":"https:\/\/www.richteronweb.de\/?p=16020"},"modified":"2021-02-19T08:16:11","modified_gmt":"2021-02-19T07:16:11","slug":"wunderfabrik-nehmt-euch-in-acht-von-stefanie-gerstenberger","status":"publish","type":"post","link":"https:\/\/www.richteronweb.de\/?p=16020","title":{"rendered":"Wunderfabrik &#8211; Nehmt euch in acht! von Stefanie Gerstenberger"},"content":{"rendered":"\n<figure class=\"wp-block-image size-large is-resized\"><a href=\"https:\/\/www.richteronweb.de\/wp-content\/uploads\/2021\/02\/IMG_20201002_075635-scaled.jpg\"><img loading=\"lazy\" decoding=\"async\" src=\"https:\/\/www.richteronweb.de\/wp-content\/uploads\/2021\/02\/IMG_20201002_075635-700x933.jpg\" alt=\"\" class=\"wp-image-15934\" width=\"231\" height=\"308\" srcset=\"https:\/\/www.richteronweb.de\/wp-content\/uploads\/2021\/02\/IMG_20201002_075635-700x933.jpg 700w, https:\/\/www.richteronweb.de\/wp-content\/uploads\/2021\/02\/IMG_20201002_075635-225x300.jpg 225w, https:\/\/www.richteronweb.de\/wp-content\/uploads\/2021\/02\/IMG_20201002_075635-768x1024.jpg 768w, https:\/\/www.richteronweb.de\/wp-content\/uploads\/2021\/02\/IMG_20201002_075635-1536x2048.jpg 1536w, https:\/\/www.richteronweb.de\/wp-content\/uploads\/2021\/02\/IMG_20201002_075635-1280x1707.jpg 1280w, https:\/\/www.richteronweb.de\/wp-content\/uploads\/2021\/02\/IMG_20201002_075635-scaled.jpg 1920w\" sizes=\"auto, (max-width: 231px) 100vw, 231px\" \/><\/a><\/figure>\n\n\n\n<p><strong><em>\u273f*\uff9f\u00a8\uff9f\u270e\u2026. Die Wunderfabrik (Bd .<\/em><\/strong><em><strong>2)<\/strong><\/em><\/p>\n\n\n\n<p><strong><em>Henrik bekam von mir zu seinem 13.Geburtstag im Dezember 2020 Band 2- Die Wunderfabrik von Stefanie Gerstenberger geschenkt. Nun haben wir es ausgelesen und waren mit Winnie und Cecilia, wie auch mit Henry wieder virtuell unterwegs. &#8220;ER&#8221; &#8211; wurde in diesem Band den Kindern endlich vorgestellt! Und wie sie mit allen anderen nun einen Plan versuchen umzusetzen &#8211; nat\u00fcrlich mit Winnies Talent\/Gabe &#8211; um &#8220;Er&#8221; zur Strecke zu bekommen, wurde hier ansatzweise bekannt gemacht. Denn im M\u00e4rz kommt Band 3 von der Trilogie in den Handel. Wir sind nach wie vor von dem Schreibstil begeistert. Dieser ist f\u00fcr die Kinder ab 10 Jahre und \u00e4lter so unkompliziert geschrieben. Man kann der Geschichte, die ohne schwere W\u00f6rter oder Fremdw\u00f6rter geschrieben wurde, super gut folgen. Auch als erwachsener Leser wird man in die Wunderfabrik eingeladen. Ein wundervolles Buchcover mit einem spannenden Klappentext, das einen in die Fantasie-Welt entf\u00fchren l\u00e4\u00dft. Absolute Kauf-bzw. <\/em><\/strong><em><strong>Leseempfehlung<\/strong><\/em><em>.<\/em><\/p>\n","protected":false},"excerpt":{"rendered":"<p>\u273f*\uff9f\u00a8\uff9f\u270e\u2026. Die Wunderfabrik (Bd .2) Henrik bekam von mir zu seinem 13.Geburtstag im Dezember 2020 Band 2- Die Wunderfabrik von Stefanie Gerstenberger geschenkt. Nun haben wir es ausgelesen und waren mit Winnie und Cecilia, wie auch mit Henry wieder virtuell &hellip; <a href=\"https:\/\/www.richteronweb.de\/?p=16020\">Weiterlesen <span class=\"meta-nav\">&rarr;<\/span><\/a><\/p>\n","protected":false},"author":1,"featured_media":0,"comment_status":"open","ping_status":"open","sticky":false,"template":"","format":"standard","meta":{"_jetpack_memberships_contains_paid_content":false,"footnotes":""},"categories":[1],"tags":[],"class_list":["post-16020","post","type-post","status-publish","format-standard","hentry","category-lesebuch"],"jetpack_featured_media_url":"","jetpack_sharing_enabled":true,"_links":{"self":[{"href":"https:\/\/www.richteronweb.de\/index.php?rest_route=\/wp\/v2\/posts\/16020","targetHints":{"allow":["GET"]}}],"collection":[{"href":"https:\/\/www.richteronweb.de\/index.php?rest_route=\/wp\/v2\/posts"}],"about":[{"href":"https:\/\/www.richteronweb.de\/index.php?rest_route=\/wp\/v2\/types\/post"}],"author":[{"embeddable":true,"href":"https:\/\/www.richteronweb.de\/index.php?rest_route=\/wp\/v2\/users\/1"}],"replies":[{"embeddable":true,"href":"https:\/\/www.richteronweb.de\/index.php?rest_route=%2Fwp%2Fv2%2Fcomments&post=16020"}],"version-history":[{"count":2,"href":"https:\/\/www.richteronweb.de\/index.php?rest_route=\/wp\/v2\/posts\/16020\/revisions"}],"predecessor-version":[{"id":16022,"href":"https:\/\/www.richteronweb.de\/index.php?rest_route=\/wp\/v2\/posts\/16020\/revisions\/16022"}],"wp:attachment":[{"href":"https:\/\/www.richteronweb.de\/index.php?rest_route=%2Fwp%2Fv2%2Fmedia&parent=16020"}],"wp:term":[{"taxonomy":"category","embeddable":true,"href":"https:\/\/www.richteronweb.de\/index.php?rest_route=%2Fwp%2Fv2%2Fcategories&post=16020"},{"taxonomy":"post_tag","embeddable":true,"href":"https:\/\/www.richteronweb.de\/index.php?rest_route=%2Fwp%2Fv2%2Ftags&post=16020"}],"curies":[{"name":"wp","href":"https:\/\/api.w.org\/{rel}","templated":true}]}}