{"id":15471,"date":"2020-12-20T15:54:41","date_gmt":"2020-12-20T14:54:41","guid":{"rendered":"https:\/\/www.richteronweb.de\/?p=15471"},"modified":"2020-12-20T16:03:47","modified_gmt":"2020-12-20T15:03:47","slug":"rote-kerzen-tannengruen-von-eva-von-kalm","status":"publish","type":"post","link":"https:\/\/www.richteronweb.de\/?p=15471","title":{"rendered":"Rote Kerzen, Tannengr\u00fcn von Eva von Kalm"},"content":{"rendered":"\n<figure class=\"wp-block-image size-large is-resized\"><a href=\"https:\/\/www.richteronweb.de\/wp-content\/uploads\/2020\/12\/IMG_20201220_151749-scaled.jpg\"><img loading=\"lazy\" decoding=\"async\" src=\"https:\/\/www.richteronweb.de\/wp-content\/uploads\/2020\/12\/IMG_20201220_151749-700x933.jpg\" alt=\"\" class=\"wp-image-15474\" width=\"254\" height=\"339\" srcset=\"https:\/\/www.richteronweb.de\/wp-content\/uploads\/2020\/12\/IMG_20201220_151749-700x933.jpg 700w, https:\/\/www.richteronweb.de\/wp-content\/uploads\/2020\/12\/IMG_20201220_151749-225x300.jpg 225w, https:\/\/www.richteronweb.de\/wp-content\/uploads\/2020\/12\/IMG_20201220_151749-768x1024.jpg 768w, https:\/\/www.richteronweb.de\/wp-content\/uploads\/2020\/12\/IMG_20201220_151749-1536x2048.jpg 1536w, https:\/\/www.richteronweb.de\/wp-content\/uploads\/2020\/12\/IMG_20201220_151749-1280x1707.jpg 1280w, https:\/\/www.richteronweb.de\/wp-content\/uploads\/2020\/12\/IMG_20201220_151749-scaled.jpg 1920w\" sizes=\"auto, (max-width: 254px) 100vw, 254px\" \/><\/a><\/figure>\n\n\n\n<p><strong><em>\u273f*\uff9f\u00a8\uff9f\u270e\u2026.. Weihnachtsgeschichten f\u00fcr den Advent<\/em><\/strong><\/p>\n\n\n\n<p><strong><em>Ich hatte letztes Jahr in einer Nikolaus Blogtour das nette B\u00fcchlein gewonnen. Leider war dann der Advent schon fast vor r\u00fcber, so das ich mir nun dieses Jahr 2020 das B\u00fcchlein zur Hand nahm. Ich habe soeben mit Henrik die 4. Adventsgeschichte gelesen und wir sind mit allen Adventsgeschichten und Gedichte zu Ende. Wir wurden mit den B\u00fcchlein rundum gut unterhalten und auf Heilig Abend bzw. auf Weihnachten vorgestimmt. Eva von Kalm hat sehr sch\u00f6ne kleine Geschichten geschrieben, die mit Weihnachten und drum herum zu tun haben. Liebe, Vergebung, Zuversicht uvm&#8230; Gute Ablenkung beim tr\u00fcben Sonntagswetter. <\/em><\/strong><\/p>\n","protected":false},"excerpt":{"rendered":"<p>\u273f*\uff9f\u00a8\uff9f\u270e\u2026.. Weihnachtsgeschichten f\u00fcr den Advent Ich hatte letztes Jahr in einer Nikolaus Blogtour das nette B\u00fcchlein gewonnen. Leider war dann der Advent schon fast vor r\u00fcber, so das ich mir nun dieses Jahr 2020 das B\u00fcchlein zur Hand nahm. Ich &hellip; <a href=\"https:\/\/www.richteronweb.de\/?p=15471\">Weiterlesen <span class=\"meta-nav\">&rarr;<\/span><\/a><\/p>\n","protected":false},"author":1,"featured_media":0,"comment_status":"open","ping_status":"open","sticky":false,"template":"","format":"standard","meta":{"_jetpack_memberships_contains_paid_content":false,"footnotes":""},"categories":[1],"tags":[],"class_list":["post-15471","post","type-post","status-publish","format-standard","hentry","category-lesebuch"],"jetpack_featured_media_url":"","jetpack_sharing_enabled":true,"_links":{"self":[{"href":"https:\/\/www.richteronweb.de\/index.php?rest_route=\/wp\/v2\/posts\/15471","targetHints":{"allow":["GET"]}}],"collection":[{"href":"https:\/\/www.richteronweb.de\/index.php?rest_route=\/wp\/v2\/posts"}],"about":[{"href":"https:\/\/www.richteronweb.de\/index.php?rest_route=\/wp\/v2\/types\/post"}],"author":[{"embeddable":true,"href":"https:\/\/www.richteronweb.de\/index.php?rest_route=\/wp\/v2\/users\/1"}],"replies":[{"embeddable":true,"href":"https:\/\/www.richteronweb.de\/index.php?rest_route=%2Fwp%2Fv2%2Fcomments&post=15471"}],"version-history":[{"count":4,"href":"https:\/\/www.richteronweb.de\/index.php?rest_route=\/wp\/v2\/posts\/15471\/revisions"}],"predecessor-version":[{"id":15477,"href":"https:\/\/www.richteronweb.de\/index.php?rest_route=\/wp\/v2\/posts\/15471\/revisions\/15477"}],"wp:attachment":[{"href":"https:\/\/www.richteronweb.de\/index.php?rest_route=%2Fwp%2Fv2%2Fmedia&parent=15471"}],"wp:term":[{"taxonomy":"category","embeddable":true,"href":"https:\/\/www.richteronweb.de\/index.php?rest_route=%2Fwp%2Fv2%2Fcategories&post=15471"},{"taxonomy":"post_tag","embeddable":true,"href":"https:\/\/www.richteronweb.de\/index.php?rest_route=%2Fwp%2Fv2%2Ftags&post=15471"}],"curies":[{"name":"wp","href":"https:\/\/api.w.org\/{rel}","templated":true}]}}