{"id":15264,"date":"2020-11-10T12:36:42","date_gmt":"2020-11-10T11:36:42","guid":{"rendered":"https:\/\/www.richteronweb.de\/?p=15264"},"modified":"2020-11-10T12:36:42","modified_gmt":"2020-11-10T11:36:42","slug":"interview-mit-suki-bluhm","status":"publish","type":"post","link":"https:\/\/www.richteronweb.de\/?p=15264","title":{"rendered":"Interview mit Suki Bluhm"},"content":{"rendered":"\n<p><strong><em>\u273d\u2022\u00a8\u2022\u0e51\u273f\u0e51\u2605 Autoreninterview \u2605\u0e51\u273f\u0e51\u2022\u00a8\u2022\u273d<\/em><\/strong><\/p>\n\n\n\n<p><strong><em>1. Wer ist Suki Bluhm? Magst du dich mal kurz vorstellen?<\/em><\/strong><\/p>\n\n\n\n<figure class=\"wp-block-image size-large is-resized\"><img loading=\"lazy\" decoding=\"async\" src=\"https:\/\/www.richteronweb.de\/wp-content\/uploads\/2020\/11\/MG_0346-Klein-700x467.jpg\" alt=\"\" class=\"wp-image-15273\" width=\"326\" height=\"216\" srcset=\"https:\/\/www.richteronweb.de\/wp-content\/uploads\/2020\/11\/MG_0346-Klein-700x467.jpg 700w, https:\/\/www.richteronweb.de\/wp-content\/uploads\/2020\/11\/MG_0346-Klein-300x200.jpg 300w, https:\/\/www.richteronweb.de\/wp-content\/uploads\/2020\/11\/MG_0346-Klein-768x512.jpg 768w, https:\/\/www.richteronweb.de\/wp-content\/uploads\/2020\/11\/MG_0346-Klein-1536x1024.jpg 1536w, https:\/\/www.richteronweb.de\/wp-content\/uploads\/2020\/11\/MG_0346-Klein-2048x1365.jpg 2048w, https:\/\/www.richteronweb.de\/wp-content\/uploads\/2020\/11\/MG_0346-Klein-900x600.jpg 900w, https:\/\/www.richteronweb.de\/wp-content\/uploads\/2020\/11\/MG_0346-Klein-1280x853.jpg 1280w\" sizes=\"auto, (max-width: 326px) 100vw, 326px\" \/><\/figure>\n\n\n\n<p><br><strong><em>Ich bin 37 Jahre alt, verheiratet und Mama einer sechsj\u00e4hrigen Tochter. Im wahren Leben bin ich Angestellte im Tourismusbereich und meine Leidenschaft ist das Schreiben von Liebesromanen und Kinderb\u00fcchern.<\/em><\/strong><\/p>\n\n\n\n<p><em><strong>2. Die wohl meistgestellte Frage: Wie bist du zum Schreiben gekommen?<\/strong><\/em><\/p>\n\n\n\n<p><strong><em>Ich habe schon in meiner Jugend oft versucht, ein Buch zu schreiben, aber irgendwie hat es immer gestockt. 2018 hatte ich eine kleine Lebenskrise, so nach dem Motto &#8220;solls das jetzt schon gewesen sein?&#8221;. Mir hat einfach noch was gefehlt, etwas, das nur mir geh\u00f6rt und in das mir keiner reinquatscht. Dann hat mein Mann gemeint \u201eDann schreib doch endlich ein Buch\u201c. Erst habe ich gedacht \u201eja, klar, weil das ja auch so einfach geht\u201c, aber dann habe ich nach einigem Gr\u00fcbeln seinen Rat befolgt. Tja, und jetzt kann ich nicht mehr damit aufh\u00f6ren\u2026<\/em><\/strong><\/p>\n\n\n\n<p><strong><em>3. Wovon handelt der Roman<\/em><\/strong> <em><strong>&#8220;<\/strong><\/em><strong><em>Liebe auf High Heels&#8221;?<\/em><\/strong><\/p>\n\n\n\n<figure class=\"wp-block-image size-large is-resized\"><img loading=\"lazy\" decoding=\"async\" src=\"https:\/\/www.richteronweb.de\/wp-content\/uploads\/2020\/11\/Liebe-auf-High-Heels_Cover_1300px-700x990.jpg\" alt=\"\" class=\"wp-image-15276\" width=\"250\" height=\"353\" srcset=\"https:\/\/www.richteronweb.de\/wp-content\/uploads\/2020\/11\/Liebe-auf-High-Heels_Cover_1300px-700x990.jpg 700w, https:\/\/www.richteronweb.de\/wp-content\/uploads\/2020\/11\/Liebe-auf-High-Heels_Cover_1300px-212x300.jpg 212w, https:\/\/www.richteronweb.de\/wp-content\/uploads\/2020\/11\/Liebe-auf-High-Heels_Cover_1300px-768x1086.jpg 768w, https:\/\/www.richteronweb.de\/wp-content\/uploads\/2020\/11\/Liebe-auf-High-Heels_Cover_1300px-1086x1536.jpg 1086w, https:\/\/www.richteronweb.de\/wp-content\/uploads\/2020\/11\/Liebe-auf-High-Heels_Cover_1300px-900x1273.jpg 900w, https:\/\/www.richteronweb.de\/wp-content\/uploads\/2020\/11\/Liebe-auf-High-Heels_Cover_1300px-1280x1811.jpg 1280w, https:\/\/www.richteronweb.de\/wp-content\/uploads\/2020\/11\/Liebe-auf-High-Heels_Cover_1300px.jpg 1300w\" sizes=\"auto, (max-width: 250px) 100vw, 250px\" \/><\/figure>\n\n\n\n<p><strong><em>Im Buch geht es um Isabella, die nach ihrer K\u00fcndigung und dem Beziehungsaus ihre Freundin Emma im s\u00fcddeutschen Engeltal besucht. Sie verliebt sich hier nicht nur in die Kleinstadt, sondern auch der ehemalige Fu\u00dfballprofi Chris hat es ihr angetan. Es geht aber nicht nur um Liebe, sondern auch um Freundschaft und das wieder Aufrappeln nach einem schweren Schlag.<\/em><\/strong><\/p>\n\n\n\n<p><strong><em>4. Welche sind deine Lieblingsprotagonisten aus dem Buch?<\/em><\/strong><\/p>\n\n\n\n<p><strong><em>Ich mag Annika besonders gerne. Sie ist einfach so herrlich unverbl\u00fchmt und direkt. Aber auch Emma mag ich sehr. Sie ist ein Engel.<\/em><\/strong><\/p>\n\n\n\n<p><strong><em>5. Drei W\u00f6rter die den Roman beschreiben?<\/em><\/strong><\/p>\n\n\n\n<p><strong><em>Freundschaft, Liebe und Mut<\/em><\/strong>.<\/p>\n\n\n\n<p><strong><em>6. Hast du einen Lieblingssatz aus diesem Buch, der dich besonders bewegt?<\/em><\/strong><\/p>\n\n\n\n<p><strong><em>\u00bbEs ist, als w\u00fcrde die Sonne nicht mehr scheinen, und ich halte den dauernden Regen nicht mehr aus.\u00ab (Isabella)<\/em><\/strong><\/p>\n\n\n\n<p><strong><em>7. Hast du einen Lieblingsort, an dem du besonders gut deine Geschichten schreiben kannst?<\/em><\/strong><\/p>\n\n\n\n<p><strong><em>In meinem provisorischen B\u00fcro. Es ist klein und irgendwie vollgestopft, aber es hat eine T\u00fcr, die ich schlie\u00dfen kann.<\/em><\/strong><\/p>\n\n\n\n<p><strong><em>8. Was ist deine Lieblingsfreizeitbesch\u00e4ftigung?<\/em><\/strong><\/p>\n\n\n\n<p><strong><em>Mit meiner Tochter spielen, Zumba, schreiben und lesen.<\/em><\/strong><\/p>\n\n\n\n<p><strong><em>9. Der perfekte Ort, um das Buch zu lesen?<\/em><\/strong><\/p>\n\n\n\n<p><strong><em>Gerade jetzt in der kalten Jahreszeit eingekuschelt in eine Decke auf dem Sofa, gedimmtes Licht, eine kleine Kerze an, ein Glas Sekt &#8211; fertig<\/em><\/strong>.<\/p>\n\n\n\n<p><strong><em>10. Wer das Buch liest, f\u00fchlt sich nach der letzten Seite\u2026?<\/em><\/strong><\/p>\n\n\n\n<p><strong><em>&#8230;wie auf Wolke 7&#8230;<\/em><\/strong><\/p>\n","protected":false},"excerpt":{"rendered":"<p>\u273d\u2022\u00a8\u2022\u0e51\u273f\u0e51\u2605 Autoreninterview \u2605\u0e51\u273f\u0e51\u2022\u00a8\u2022\u273d 1. Wer ist Suki Bluhm? Magst du dich mal kurz vorstellen? Ich bin 37 Jahre alt, verheiratet und Mama einer sechsj\u00e4hrigen Tochter. Im wahren Leben bin ich Angestellte im Tourismusbereich und meine Leidenschaft ist das Schreiben von &hellip; <a href=\"https:\/\/www.richteronweb.de\/?p=15264\">Weiterlesen <span class=\"meta-nav\">&rarr;<\/span><\/a><\/p>\n","protected":false},"author":1,"featured_media":0,"comment_status":"open","ping_status":"open","sticky":false,"template":"","format":"standard","meta":{"_jetpack_memberships_contains_paid_content":false,"footnotes":""},"categories":[1],"tags":[],"class_list":["post-15264","post","type-post","status-publish","format-standard","hentry","category-lesebuch"],"jetpack_featured_media_url":"","jetpack_sharing_enabled":true,"_links":{"self":[{"href":"https:\/\/www.richteronweb.de\/index.php?rest_route=\/wp\/v2\/posts\/15264","targetHints":{"allow":["GET"]}}],"collection":[{"href":"https:\/\/www.richteronweb.de\/index.php?rest_route=\/wp\/v2\/posts"}],"about":[{"href":"https:\/\/www.richteronweb.de\/index.php?rest_route=\/wp\/v2\/types\/post"}],"author":[{"embeddable":true,"href":"https:\/\/www.richteronweb.de\/index.php?rest_route=\/wp\/v2\/users\/1"}],"replies":[{"embeddable":true,"href":"https:\/\/www.richteronweb.de\/index.php?rest_route=%2Fwp%2Fv2%2Fcomments&post=15264"}],"version-history":[{"count":4,"href":"https:\/\/www.richteronweb.de\/index.php?rest_route=\/wp\/v2\/posts\/15264\/revisions"}],"predecessor-version":[{"id":15279,"href":"https:\/\/www.richteronweb.de\/index.php?rest_route=\/wp\/v2\/posts\/15264\/revisions\/15279"}],"wp:attachment":[{"href":"https:\/\/www.richteronweb.de\/index.php?rest_route=%2Fwp%2Fv2%2Fmedia&parent=15264"}],"wp:term":[{"taxonomy":"category","embeddable":true,"href":"https:\/\/www.richteronweb.de\/index.php?rest_route=%2Fwp%2Fv2%2Fcategories&post=15264"},{"taxonomy":"post_tag","embeddable":true,"href":"https:\/\/www.richteronweb.de\/index.php?rest_route=%2Fwp%2Fv2%2Ftags&post=15264"}],"curies":[{"name":"wp","href":"https:\/\/api.w.org\/{rel}","templated":true}]}}