{"id":15235,"date":"2020-10-29T18:11:57","date_gmt":"2020-10-29T17:11:57","guid":{"rendered":"https:\/\/www.richteronweb.de\/?p=15235"},"modified":"2020-10-29T18:32:55","modified_gmt":"2020-10-29T17:32:55","slug":"interview-mit-tina-sprenzel","status":"publish","type":"post","link":"https:\/\/www.richteronweb.de\/?p=15235","title":{"rendered":"Interview mit Tina Sprenzel\/Elisa Shaw"},"content":{"rendered":"\n<p><strong><em>\u273d\u2022\u00a8\u2022\u0e51\u273f\u0e51\u2605 Autoreninterview \u2605\u0e51\u273f\u0e51\u2022\u00a8\u2022\u273d<\/em><\/strong><\/p>\n\n\n\n<p><strong><em>1. Wer ist Tina Sprenzel\/Elisa Shaw? Magst du dich mal kurz vorstellen?<br><\/em><\/strong><\/p>\n\n\n\n<figure class=\"wp-block-image size-large is-resized\"><img loading=\"lazy\" decoding=\"async\" src=\"https:\/\/www.richteronweb.de\/wp-content\/uploads\/2020\/10\/122176736_3648556338538144_488366588625151181_o-700x700.jpg\" alt=\"\" class=\"wp-image-15241\" width=\"298\" height=\"298\" srcset=\"https:\/\/www.richteronweb.de\/wp-content\/uploads\/2020\/10\/122176736_3648556338538144_488366588625151181_o-700x700.jpg 700w, https:\/\/www.richteronweb.de\/wp-content\/uploads\/2020\/10\/122176736_3648556338538144_488366588625151181_o-300x300.jpg 300w, https:\/\/www.richteronweb.de\/wp-content\/uploads\/2020\/10\/122176736_3648556338538144_488366588625151181_o-150x150.jpg 150w, https:\/\/www.richteronweb.de\/wp-content\/uploads\/2020\/10\/122176736_3648556338538144_488366588625151181_o-768x768.jpg 768w, https:\/\/www.richteronweb.de\/wp-content\/uploads\/2020\/10\/122176736_3648556338538144_488366588625151181_o-88x88.jpg 88w, https:\/\/www.richteronweb.de\/wp-content\/uploads\/2020\/10\/122176736_3648556338538144_488366588625151181_o-900x900.jpg 900w, https:\/\/www.richteronweb.de\/wp-content\/uploads\/2020\/10\/122176736_3648556338538144_488366588625151181_o-1280x1280.jpg 1280w, https:\/\/www.richteronweb.de\/wp-content\/uploads\/2020\/10\/122176736_3648556338538144_488366588625151181_o.jpg 1440w\" sizes=\"auto, (max-width: 298px) 100vw, 298px\" \/><\/figure>\n\n\n\n<p><strong><em>Aber gerne doch! Ich hei\u00dfe Bettina Sprenzel und lebe mit meinem Mann in einem kleinen Ort im S\u00fcden M\u00fcnchens. Seit 2015 ver\u00f6ffentliche ich als Selfpublisherin regionale Romantikkrimis unter dem Namen Tina Sprenzel. Unter dem Pseudonym Elisa Shaw schreibe ich moderne Liebesromane. In K\u00fcrze erscheint mein zw\u00f6lftes Buch.<\/em><\/strong><\/p>\n\n\n\n<p><strong><em>Im letzten Jahr hatte ich eine schwere Operation und stand nach sieben Monaten Krankheit ohne Job da. Ich habe dann die Gelegenheit genutzt, mich als Autorin selbstst\u00e4ndig zu machen und schreibe seitdem in Vollzeit.<\/em><\/strong><\/p>\n\n\n\n<p><em><strong>2. Die wohl meistgestellte Frage: Wie bist du zum Schreiben gekommen?<\/strong><\/em><\/p>\n\n\n\n<p><strong><em>In meiner Jugend habe ich davon getr\u00e4umt, eines Tages eine ber\u00fchmte Schriftstellerin zu werden. Darauf geworden ist dann erstmal eine Bankerin und Mutter von drei Kindern. Vor sechs Jahren kam mir in der Badewanne spontan die Idee zu meinem ersten Buch. Ich habe mich noch am selben Tag hingesetzt und angefangen zu schreiben. Ein paar Tage sp\u00e4ter entdeckte ich im Katalog der Volkshochschule zuf\u00e4llig den Kurs \u201eE-Books schreiben und vermarkten\u201c von Lutz Kreutzer und habe mich sofort angemeldet. Seitdem hat mich das Schreiben nicht mehr losgelassen.<\/em><\/strong><\/p>\n\n\n\n<p><strong><em>3. Wovon handelt der Roman &#8220;Summ, summ, summ&#8230;&#8221;?<\/em><\/strong><\/p>\n\n\n\n<figure class=\"wp-block-image size-large is-resized\"><img loading=\"lazy\" decoding=\"async\" src=\"https:\/\/www.richteronweb.de\/wp-content\/uploads\/2020\/10\/51fD4A8B-CL.jpg\" alt=\"\" class=\"wp-image-15238\" width=\"189\" height=\"302\" srcset=\"https:\/\/www.richteronweb.de\/wp-content\/uploads\/2020\/10\/51fD4A8B-CL.jpg 313w, https:\/\/www.richteronweb.de\/wp-content\/uploads\/2020\/10\/51fD4A8B-CL-188x300.jpg 188w\" sizes=\"auto, (max-width: 189px) 100vw, 189px\" \/><\/figure>\n\n\n\n<p><strong><em>Agatha-Christine Hummel, eine Krimiautorin, die unter dem Namen A.C. Bumblebee schreibt, stolpert (mal wieder) \u00fcber eine Leiche. Der liebenswerte Stadtimker Willi Kirsch wurde kaltbl\u00fctig ermordet.<br>A.C. Bumblebee, von Freunden liebevoll Hummelchen genannt, kann nicht anders und beginnt mit ihrer besten Freundin Walburga \u201eBurgi\u201c Wagner, selbst zu ermitteln. Die Polizei ist davon weniger begeistert.<br>Es gibt jede Menge Verd\u00e4chtiger und dazu noch eine romantische Liebesgeschichte.<\/em><\/strong><\/p>\n\n\n\n<p><strong><em>4. Welche sind deine Lieblingsprotagonisten?<\/em><\/strong><\/p>\n\n\n\n<p><strong><em>Besonders gerne schreibe ich \u00fcber mein Hummelchen aus der A.C. Bumblebee-Reihe. Aber da gibt es auch Burgi, ihre resolute Freundin, mit der ich selbst auch gerne einen M\u00e4delsabend machen w\u00fcrde. Oder Theo, der Papagei aus meinem ersten Roman.<\/em><\/strong><\/p>\n\n\n\n<p><strong><em>5. Drei W\u00f6rter die den Roman beschreiben?<\/em><\/strong><\/p>\n\n\n\n<p><strong><em>Humor, Spannung und Romantik.<\/em><\/strong><\/p>\n\n\n\n<p><strong><em>6. Hast du einen Lieblingssatz aus diesem Buch, der dich besonders bewegt?<\/em><\/strong><\/p>\n\n\n\n<p><strong><em>Das tiefe Rot der romantisch bl\u00fchenden Rosen erweckte nun den Anschein von dicken Blutstropfen auf dem satten Gr\u00fcn ihres Laubes.<\/em><\/strong><\/p>\n\n\n\n<p><strong><em>7. Hast du einen Lieblingsort, an dem du besonders gut deine Geschichten schreiben kannst?<\/em><\/strong><\/p>\n\n\n\n<p><strong><em>Da meine Kinder schon fl\u00fcgge sind, habe ich ein Arbeitszimmer. Der perfekte Platz zum Schreiben.<\/em><\/strong><\/p>\n\n\n\n<p><strong><em>8. Was ist deine Lieblingsfreizeitbesch\u00e4ftigung?<\/em><\/strong><\/p>\n\n\n\n<p><strong><em>In meiner Freizeit arbeite ich mit Vorliebe im Garten. Ich liebe es in der Erde zu w\u00fchlen und alles naturnah zu gestalten.<\/em><\/strong><\/p>\n\n\n\n<p><strong><em>9. Der perfekte Ort, um das Buch zu lesen?<\/em><\/strong><\/p>\n\n\n\n<p><strong><em>Im Sommer auf dem Balkon, im Garten oder Park. Am besten wenn ringsum die Bienen summen und brummen. Und in der k\u00fchleren Jahreszeit gem\u00fctlich im Lesesessel vorm Kamin.<\/em><\/strong><\/p>\n\n\n\n<p><strong><em>10. Wer das Buch liest, f\u00fchlt sich nach der letzten Seite&#8230;?<\/em><\/strong><\/p>\n\n\n\n<p><strong><em>Zuerst einmal hoffentlich gut unterhalten. Da in diesem Buch auch die Botschaft vermittelt wird, die Bienen zu sch\u00fctzen und etwas f\u00fcr die Umwelt zu tun, legt man es vielleicht auch motiviert zur Seite.<br><\/em><\/strong><\/p>\n","protected":false},"excerpt":{"rendered":"<p>\u273d\u2022\u00a8\u2022\u0e51\u273f\u0e51\u2605 Autoreninterview \u2605\u0e51\u273f\u0e51\u2022\u00a8\u2022\u273d 1. Wer ist Tina Sprenzel\/Elisa Shaw? Magst du dich mal kurz vorstellen? Aber gerne doch! Ich hei\u00dfe Bettina Sprenzel und lebe mit meinem Mann in einem kleinen Ort im S\u00fcden M\u00fcnchens. Seit 2015 ver\u00f6ffentliche ich als Selfpublisherin &hellip; <a href=\"https:\/\/www.richteronweb.de\/?p=15235\">Weiterlesen <span class=\"meta-nav\">&rarr;<\/span><\/a><\/p>\n","protected":false},"author":1,"featured_media":0,"comment_status":"open","ping_status":"open","sticky":false,"template":"","format":"standard","meta":{"_jetpack_memberships_contains_paid_content":false,"footnotes":""},"categories":[1],"tags":[],"class_list":["post-15235","post","type-post","status-publish","format-standard","hentry","category-lesebuch"],"jetpack_featured_media_url":"","jetpack_sharing_enabled":true,"_links":{"self":[{"href":"https:\/\/www.richteronweb.de\/index.php?rest_route=\/wp\/v2\/posts\/15235","targetHints":{"allow":["GET"]}}],"collection":[{"href":"https:\/\/www.richteronweb.de\/index.php?rest_route=\/wp\/v2\/posts"}],"about":[{"href":"https:\/\/www.richteronweb.de\/index.php?rest_route=\/wp\/v2\/types\/post"}],"author":[{"embeddable":true,"href":"https:\/\/www.richteronweb.de\/index.php?rest_route=\/wp\/v2\/users\/1"}],"replies":[{"embeddable":true,"href":"https:\/\/www.richteronweb.de\/index.php?rest_route=%2Fwp%2Fv2%2Fcomments&post=15235"}],"version-history":[{"count":7,"href":"https:\/\/www.richteronweb.de\/index.php?rest_route=\/wp\/v2\/posts\/15235\/revisions"}],"predecessor-version":[{"id":15247,"href":"https:\/\/www.richteronweb.de\/index.php?rest_route=\/wp\/v2\/posts\/15235\/revisions\/15247"}],"wp:attachment":[{"href":"https:\/\/www.richteronweb.de\/index.php?rest_route=%2Fwp%2Fv2%2Fmedia&parent=15235"}],"wp:term":[{"taxonomy":"category","embeddable":true,"href":"https:\/\/www.richteronweb.de\/index.php?rest_route=%2Fwp%2Fv2%2Fcategories&post=15235"},{"taxonomy":"post_tag","embeddable":true,"href":"https:\/\/www.richteronweb.de\/index.php?rest_route=%2Fwp%2Fv2%2Ftags&post=15235"}],"curies":[{"name":"wp","href":"https:\/\/api.w.org\/{rel}","templated":true}]}}