{"id":15148,"date":"2020-10-06T19:02:45","date_gmt":"2020-10-06T17:02:45","guid":{"rendered":"https:\/\/www.richteronweb.de\/?p=15148"},"modified":"2020-10-06T19:20:16","modified_gmt":"2020-10-06T17:20:16","slug":"lenni-luis-voll-geheim-kroetenschleim-von-wiebke-rhodius","status":"publish","type":"post","link":"https:\/\/www.richteronweb.de\/?p=15148","title":{"rendered":"Lenni &#038; Luis &#8211; Voll geheim, Kr\u00f6tenschleim! von Wiebke Rhodius"},"content":{"rendered":"\n<figure class=\"wp-block-image size-large is-resized\"><img loading=\"lazy\" decoding=\"async\" src=\"https:\/\/www.richteronweb.de\/wp-content\/uploads\/2020\/10\/IMG_20201002_075609-700x933.jpg\" alt=\"\" class=\"wp-image-15153\" width=\"284\" height=\"379\" srcset=\"https:\/\/www.richteronweb.de\/wp-content\/uploads\/2020\/10\/IMG_20201002_075609-700x933.jpg 700w, https:\/\/www.richteronweb.de\/wp-content\/uploads\/2020\/10\/IMG_20201002_075609-225x300.jpg 225w, https:\/\/www.richteronweb.de\/wp-content\/uploads\/2020\/10\/IMG_20201002_075609-768x1024.jpg 768w, https:\/\/www.richteronweb.de\/wp-content\/uploads\/2020\/10\/IMG_20201002_075609-1536x2048.jpg 1536w, https:\/\/www.richteronweb.de\/wp-content\/uploads\/2020\/10\/IMG_20201002_075609-1280x1707.jpg 1280w, https:\/\/www.richteronweb.de\/wp-content\/uploads\/2020\/10\/IMG_20201002_075609-scaled.jpg 1920w\" sizes=\"auto, (max-width: 284px) 100vw, 284px\" \/><\/figure>\n\n\n\n<p><em><strong>\u273f*\uff9f\u00a8\uff9f\u270e\u2026 Lenni &amp; Luis 2<\/strong><\/em><\/p>\n\n\n\n<p><strong><em>Wieder sind die beiden Zwillingsbr\u00fcder Lenni und Luis unterwegs mit ihrem Schabernack. Henrik und Ich sind mit Lenni und Luis auf einer Klassenfahrt unterwegs gewesen. Also diese beiden Bengels haben echt grandiose Ideen, sich an den fiesen Jungs aus der Parallelklasse zu r\u00e4chen. Ich war immer am schmunzeln und hoffe doch sehr, das mein Henrik diese Ideen nicht auch irgendwann in die Tat umsetzt. Es war ein toller Schreibstil von Wiebke Rhodius, den die Kinder gut lesen und verstehen k\u00f6nnen. Schon durch den Schabernack sind die Leser gefesselt um mehr zu erfahren. Absolute Leseempfehlung f\u00fcr Kinder ab 8 Jahren und nach oben offen&#8230; Gebundene Ausgabe mit wundersch\u00f6nen Illustrationen von Sabine Sauter.<\/em><\/strong><\/p>\n","protected":false},"excerpt":{"rendered":"<p>\u273f*\uff9f\u00a8\uff9f\u270e\u2026 Lenni &amp; Luis 2 Wieder sind die beiden Zwillingsbr\u00fcder Lenni und Luis unterwegs mit ihrem Schabernack. Henrik und Ich sind mit Lenni und Luis auf einer Klassenfahrt unterwegs gewesen. Also diese beiden Bengels haben echt grandiose Ideen, sich an &hellip; <a href=\"https:\/\/www.richteronweb.de\/?p=15148\">Weiterlesen <span class=\"meta-nav\">&rarr;<\/span><\/a><\/p>\n","protected":false},"author":1,"featured_media":0,"comment_status":"open","ping_status":"open","sticky":false,"template":"","format":"standard","meta":{"_jetpack_memberships_contains_paid_content":false,"footnotes":""},"categories":[1],"tags":[],"class_list":["post-15148","post","type-post","status-publish","format-standard","hentry","category-lesebuch"],"jetpack_featured_media_url":"","jetpack_sharing_enabled":true,"_links":{"self":[{"href":"https:\/\/www.richteronweb.de\/index.php?rest_route=\/wp\/v2\/posts\/15148","targetHints":{"allow":["GET"]}}],"collection":[{"href":"https:\/\/www.richteronweb.de\/index.php?rest_route=\/wp\/v2\/posts"}],"about":[{"href":"https:\/\/www.richteronweb.de\/index.php?rest_route=\/wp\/v2\/types\/post"}],"author":[{"embeddable":true,"href":"https:\/\/www.richteronweb.de\/index.php?rest_route=\/wp\/v2\/users\/1"}],"replies":[{"embeddable":true,"href":"https:\/\/www.richteronweb.de\/index.php?rest_route=%2Fwp%2Fv2%2Fcomments&post=15148"}],"version-history":[{"count":3,"href":"https:\/\/www.richteronweb.de\/index.php?rest_route=\/wp\/v2\/posts\/15148\/revisions"}],"predecessor-version":[{"id":15155,"href":"https:\/\/www.richteronweb.de\/index.php?rest_route=\/wp\/v2\/posts\/15148\/revisions\/15155"}],"wp:attachment":[{"href":"https:\/\/www.richteronweb.de\/index.php?rest_route=%2Fwp%2Fv2%2Fmedia&parent=15148"}],"wp:term":[{"taxonomy":"category","embeddable":true,"href":"https:\/\/www.richteronweb.de\/index.php?rest_route=%2Fwp%2Fv2%2Fcategories&post=15148"},{"taxonomy":"post_tag","embeddable":true,"href":"https:\/\/www.richteronweb.de\/index.php?rest_route=%2Fwp%2Fv2%2Ftags&post=15148"}],"curies":[{"name":"wp","href":"https:\/\/api.w.org\/{rel}","templated":true}]}}