{"id":14769,"date":"2020-06-28T00:55:24","date_gmt":"2020-06-27T22:55:24","guid":{"rendered":"https:\/\/www.richteronweb.de\/?p=14769"},"modified":"2020-08-27T11:09:34","modified_gmt":"2020-08-27T09:09:34","slug":"interview-mit-claudia-winter-2","status":"publish","type":"post","link":"https:\/\/www.richteronweb.de\/?p=14769","title":{"rendered":"Die gro\u00dfe Wintigirls Aktion"},"content":{"rendered":"\n<figure class=\"wp-block-image size-large is-resized\"><img loading=\"lazy\" decoding=\"async\" src=\"https:\/\/www.richteronweb.de\/wp-content\/uploads\/2020\/06\/IMG_20200614_201454_184-700x700.jpg\" alt=\"\" class=\"wp-image-14756\" width=\"343\" height=\"343\" srcset=\"https:\/\/www.richteronweb.de\/wp-content\/uploads\/2020\/06\/IMG_20200614_201454_184-700x700.jpg 700w, https:\/\/www.richteronweb.de\/wp-content\/uploads\/2020\/06\/IMG_20200614_201454_184-300x300.jpg 300w, https:\/\/www.richteronweb.de\/wp-content\/uploads\/2020\/06\/IMG_20200614_201454_184-150x150.jpg 150w, https:\/\/www.richteronweb.de\/wp-content\/uploads\/2020\/06\/IMG_20200614_201454_184-768x768.jpg 768w, https:\/\/www.richteronweb.de\/wp-content\/uploads\/2020\/06\/IMG_20200614_201454_184-88x88.jpg 88w, https:\/\/www.richteronweb.de\/wp-content\/uploads\/2020\/06\/IMG_20200614_201454_184-900x900.jpg 900w, https:\/\/www.richteronweb.de\/wp-content\/uploads\/2020\/06\/IMG_20200614_201454_184.jpg 1080w\" sizes=\"auto, (max-width: 343px) 100vw, 343px\" \/><\/figure>\n\n\n\n<p><em><strong>Am 15.06.2020 ist\u00a0<a rel=\"noreferrer noopener\" href=\"https:\/\/www.c-winter.de\/\" target=\"_blank\">Claudia Winter\u00b4s<\/a> neuer Roman \u201eWie sagt man ich liebe dich\u201c im\u00a0<a rel=\"noreferrer noopener\" href=\"https:\/\/www.randomhouse.de\/Taschenbuch\/Wie-sagt-man-ich-liebe-dich\/Claudia-Winter\/Goldmann\/e567131.rhd\" target=\"_blank\">Goldmann Verlag<\/a> erschienen. Wir, die Wintigirls, haben eine Aktion gestartet, um euch mehr \u00fcber das Buch zu erz\u00e4hlen. Gestern haben wir etwas bei Marie <a href=\"https:\/\/www.mariessalondulivre.at\/\">https:\/\/www.mariessalondulivre.at\/<\/a><\/strong><\/em><br><em><strong>\u00fcber Paris in den 60 Jahren erfahren und ich durfte f\u00fcr euch die Autorin befragen. Habt viel Spa\u00df..<\/strong><\/em>.<\/p>\n\n\n\n<p><em><strong>\u273d\u2022*\u00a8*\u2022\u0e51\u273f\u0e51\u2605 Autoreninterview \u2605\u0e51\u273f\u0e51\u2022*\u00a8*\u2022\u273d<\/strong><\/em><\/p>\n\n\n\n<p><em><strong>1. Heute ist Claudia Winter<\/strong><\/em><strong><em> bei mir zu Gast? <\/em><\/strong><\/p>\n\n\n\n<figure class=\"wp-block-image size-large is-resized\"><img loading=\"lazy\" decoding=\"async\" src=\"https:\/\/www.richteronweb.de\/wp-content\/uploads\/2020\/06\/IMG_20200522_161211-700x933.jpg\" alt=\"\" class=\"wp-image-14775\" width=\"319\" height=\"425\" srcset=\"https:\/\/www.richteronweb.de\/wp-content\/uploads\/2020\/06\/IMG_20200522_161211-700x933.jpg 700w, https:\/\/www.richteronweb.de\/wp-content\/uploads\/2020\/06\/IMG_20200522_161211-225x300.jpg 225w, https:\/\/www.richteronweb.de\/wp-content\/uploads\/2020\/06\/IMG_20200522_161211-768x1024.jpg 768w, https:\/\/www.richteronweb.de\/wp-content\/uploads\/2020\/06\/IMG_20200522_161211-1152x1536.jpg 1152w, https:\/\/www.richteronweb.de\/wp-content\/uploads\/2020\/06\/IMG_20200522_161211-1536x2048.jpg 1536w, https:\/\/www.richteronweb.de\/wp-content\/uploads\/2020\/06\/IMG_20200522_161211-1280x1707.jpg 1280w, https:\/\/www.richteronweb.de\/wp-content\/uploads\/2020\/06\/IMG_20200522_161211-scaled.jpg 1920w\" sizes=\"auto, (max-width: 319px) 100vw, 319px\" \/><\/figure>\n\n\n\n<p><em><strong>2<\/strong><\/em>.<em><strong> Soeben ist Dein neuer Roman \u201eWie sagt man ich liebe dich\u201c erschienen. Er erz\u00e4hlt die Geschichte von der geh\u00f6rlosen Maelys Durant, wie f\u00fcr sie der Traum wahr wird, als sie ein Kunststudium in Paris beginnt und mehr&#8230; <\/strong><\/em><br><em><strong>Warum hast du dich f\u00fcr gerade diese Protagonistin<\/strong><\/em> <strong><em>entschieden?<\/em><\/strong><\/p>\n\n\n\n<p><strong><em>Maelys ist die kleine geh\u00f6rlose Schwester von Claire aus der Wolkenfischerin, der Bretagneroman, den ich vor zwei Jahren ver\u00f6ffentlicht habe. Ich bekam sehr viele Leserzuschriften, in denen besonders nach Maelys gefragt wurde &#8211; und da sie einfach eine unfassbar interessante Figur ist, dachte ich mir, ich versuche mal, ihr eine eigene Geschichte zu geben.<\/em><\/strong><\/p>\n\n\n\n<p><strong><em>3. <\/em><\/strong><em><strong>Man merkt beim Lesen direkt, dass Du Maelys Behinderung sehr detailreich und realistisch beschrieben hast? <\/strong><\/em><br><strong><em>Wie hast du dich selbst dabei gef\u00fchlt?<\/em><\/strong><\/p>\n\n\n\n<p><strong><em>Ich bin eine Tochter geh\u00f6rloser Eltern und trug mich schon etwas l\u00e4nger mit dem Gedanken, einmal \u00fcber eine geh\u00f6rlose Protagonistin zu schreiben. Herangetastet habe ich mich zun\u00e4chst \u00fcber die Nebenfigur, und dann war die Zeit reif, dass ich es mir zugetraut habe, ihr eine komplette Geschichte zu geben. Wie ich mich gef\u00fchlt habe dabei? Nun, es war, als h\u00e4tte ich nie andere Figuren erschaffen. Ich konnte ebenso nat\u00fcrlich mit Maelys arbeiten, als sei sie h\u00f6rend, was vielleicht mit Gew\u00f6hnung und Vertrautheit zu tun hat. Es war auch ein St\u00fcck Aufarbeitung meiner eigenen Kindheit und Jugend. Und Vers\u00f6hnung.<\/em><\/strong><\/p>\n\n\n\n<p><strong><em>4. <\/em><\/strong><em><strong>Erz\u00e4hle mir und deinen Lesern doch ein wenig aus dem Schreiballtag. Wie du an der Geschichte gearbeitet hast? <\/strong><\/em><\/p>\n\n\n\n<p><strong><em>Mein Schreiballtag ist relativ eng gefasst, da ich an vier Tagen in der Woche an einer Grundschule als P\u00e4dagogin arbeite. Ich schreibe bereits morgens im Zug, dann wieder auf der R\u00fcckfahrt &#8211; und danach schreibe ich bis in den sp\u00e4ten Abend hinein und an den Wochenenden. Ein Buch pro Jahr sollte es dabei geben.<\/em><\/strong><\/p>\n\n\n\n<p><strong><em>5. <\/em><\/strong><em><strong>Hast Du Vorbilder im Leben \u2013  Familie, Lieblingsautoren oder Romane, die dich evtl. dazu gest\u00e4rkt haben, die Geschichte von Maelys aufzuschreiben? <\/strong><\/em><\/p>\n\n\n\n<p><strong><em>In Bezug auf Maelys eher weniger, wie oben beschrieben, habe ich nat\u00fcrlich mit den Erfahrungen meiner eigenen Kindheit und Jugend gearbeitet. Was das Schreiben allgemein angeht, ist die Schriftstellerin Jojo Moyes eines meiner gro\u00dfen Vorbilder.<\/em><\/strong><\/p>\n\n\n\n<p><strong><em>6.<\/em><\/strong> <strong><em>All deine B\u00fccher haben ganz besondere Kulissen erhalten. Sei es Italien, Frankreich oder Portugal. Wieso gerade diese Orte?<\/em><\/strong> <\/p>\n\n\n\n<p><strong><em>Ich liebe es einfach zu reisen, und dabei haben es mir die mediterranen L\u00e4nder Europas angetan. Und was gibt es besseres, als das Reisen mit dem Schreiben sch\u00f6ner Geschichten zu verbinden, die in diesen L\u00e4ndern spielen? Besonders wohl f\u00fchle ich mich dabei in Italien und Frankreich &#8211; was zugegeben, haupts\u00e4chlich am Essen liegt<\/em><\/strong>.<\/p>\n\n\n\n<p><strong><em>7. Wenn du schon diese besonderen Orte f\u00fcr deine Geschichten ausw\u00e4hlst, hast du da ein Lieblingsgetr\u00e4nk oder eine Lieblingsspeise?<\/em><\/strong><\/p>\n\n\n\n<p><strong><em>Ich besch\u00e4ftige mich dann sehr intensiv mit der jeweiligen Landesk\u00fcche. Nat\u00fcrlich muss dann auch einiges an Rezepten getestet werden. Bisher war mein Highligt Pasteis de nata aus Portugal (Vanillet\u00f6rtchen) und franz\u00f6sische Bouillabaisse.<\/em><\/strong><\/p>\n\n\n\n<p><strong><em>8. <\/em><\/strong><em><strong>Gibt es bereits neue Projekte, die in Arbeit sind und von denen Du erz\u00e4hlen m\u00f6chtest bzw. darfst?<\/strong><\/em><\/p>\n\n\n\n<p><strong><em>Derzeit schreibe ich an einem Irlandroman, in dem das tragende Thema die Musik ist. Es geht dabei um eine junge Frau aus Dublin, die in einem Bus ein vergessenes B\u00fcndel Musiknoten findet &#8211; und sich mit ihrem kleinen Sohn und einem seltsamen alten Professor auf eine spannende Reise auf die andere Seite der Insel macht.<\/em><\/strong><\/p>\n\n\n\n<p><strong><em>9. Jetzt noch etwas pers\u00f6nliches wie z.B. Hast du ein Lieblingshobby?<\/em><\/strong><\/p>\n\n\n\n<p><strong><em>Ich hatte mal welche. Das war, bevor das Schreiben zu einem zweiten Beruf geworden ist. Seitdem habe ich f\u00fcr intensive Hobbies keine Zeit mehr. Aber fr\u00fcher habe ich sehr gerne gemalt, die Bilder h\u00e4ngen heute noch im ganzen Haus.<\/em><\/strong><\/p>\n\n\n\n<p><strong><em>10.<\/em><\/strong> <em><strong>Bist du auch auf Messen, wie LBM und FBM &amp; Co anzutreffen? Was machst du dann auf so einer Veranstaltung?<\/strong><\/em><\/p>\n\n\n\n<p><strong><em>Normalerweise bin ich immer in Frankfurt und Leipzig. Dort liebe ich es, meine Leserinnen pers\u00f6nlich kennenzulernen, ich gehe mit lieben Autorenkollegen Kaffee trinken, treffe meine Leute vom Goldmannverlag und meine Literaturagenten. Limburg und M\u00fcnchen ist ja eine ordentliche Strecke, da sieht man sich nicht so oft im Jahr. Am Deliastand gebe ich Signierstunden und manchmal werde ich auch zu einem Talk eingeladen oder halte eine Lesung im Rahmen von Leipzig liest.<\/em><\/strong><\/p>\n","protected":false},"excerpt":{"rendered":"<p>Am 15.06.2020 ist\u00a0Claudia Winter\u00b4s neuer Roman \u201eWie sagt man ich liebe dich\u201c im\u00a0Goldmann Verlag erschienen. Wir, die Wintigirls, haben eine Aktion gestartet, um euch mehr \u00fcber das Buch zu erz\u00e4hlen. Gestern haben wir etwas bei Marie https:\/\/www.mariessalondulivre.at\/\u00fcber Paris in den &hellip; <a href=\"https:\/\/www.richteronweb.de\/?p=14769\">Weiterlesen <span class=\"meta-nav\">&rarr;<\/span><\/a><\/p>\n","protected":false},"author":1,"featured_media":0,"comment_status":"open","ping_status":"open","sticky":false,"template":"","format":"standard","meta":{"_jetpack_memberships_contains_paid_content":false,"footnotes":""},"categories":[1],"tags":[],"class_list":["post-14769","post","type-post","status-publish","format-standard","hentry","category-lesebuch"],"jetpack_featured_media_url":"","jetpack_sharing_enabled":true,"_links":{"self":[{"href":"https:\/\/www.richteronweb.de\/index.php?rest_route=\/wp\/v2\/posts\/14769","targetHints":{"allow":["GET"]}}],"collection":[{"href":"https:\/\/www.richteronweb.de\/index.php?rest_route=\/wp\/v2\/posts"}],"about":[{"href":"https:\/\/www.richteronweb.de\/index.php?rest_route=\/wp\/v2\/types\/post"}],"author":[{"embeddable":true,"href":"https:\/\/www.richteronweb.de\/index.php?rest_route=\/wp\/v2\/users\/1"}],"replies":[{"embeddable":true,"href":"https:\/\/www.richteronweb.de\/index.php?rest_route=%2Fwp%2Fv2%2Fcomments&post=14769"}],"version-history":[{"count":11,"href":"https:\/\/www.richteronweb.de\/index.php?rest_route=\/wp\/v2\/posts\/14769\/revisions"}],"predecessor-version":[{"id":14801,"href":"https:\/\/www.richteronweb.de\/index.php?rest_route=\/wp\/v2\/posts\/14769\/revisions\/14801"}],"wp:attachment":[{"href":"https:\/\/www.richteronweb.de\/index.php?rest_route=%2Fwp%2Fv2%2Fmedia&parent=14769"}],"wp:term":[{"taxonomy":"category","embeddable":true,"href":"https:\/\/www.richteronweb.de\/index.php?rest_route=%2Fwp%2Fv2%2Fcategories&post=14769"},{"taxonomy":"post_tag","embeddable":true,"href":"https:\/\/www.richteronweb.de\/index.php?rest_route=%2Fwp%2Fv2%2Ftags&post=14769"}],"curies":[{"name":"wp","href":"https:\/\/api.w.org\/{rel}","templated":true}]}}