{"id":14588,"date":"2020-05-28T11:16:09","date_gmt":"2020-05-28T09:16:09","guid":{"rendered":"https:\/\/www.richteronweb.de\/?p=14588"},"modified":"2023-10-18T10:02:45","modified_gmt":"2023-10-18T08:02:45","slug":"interview-mit-ann-christine-larsen","status":"publish","type":"post","link":"https:\/\/www.richteronweb.de\/?p=14588","title":{"rendered":"Interview mit Ann Christine Larsen"},"content":{"rendered":"\r\n<p><strong><em>\u273d\u2022\u00a8\u2022\u0e51\u273f\u0e51\u2605 Autoreninterview \u2605\u0e51\u273f\u0e51\u2022\u00a8\u2022\u273d<\/em><\/strong><\/p>\r\n\r\n\r\n\r\n<p><strong><em>1. Wer ist Ann Christine Larsen? Magst du dich mal vorstellen?<\/em><\/strong><\/p>\r\n\r\n\r\n\r\n<figure class=\"wp-block-image size-large is-resized\"><img loading=\"lazy\" decoding=\"async\" class=\"wp-image-14591\" src=\"https:\/\/www.richteronweb.de\/wp-content\/uploads\/2020\/05\/1050700-700x467.jpg\" alt=\"\" width=\"366\" height=\"243\" srcset=\"https:\/\/www.richteronweb.de\/wp-content\/uploads\/2020\/05\/1050700-700x467.jpg 700w, https:\/\/www.richteronweb.de\/wp-content\/uploads\/2020\/05\/1050700-300x200.jpg 300w, https:\/\/www.richteronweb.de\/wp-content\/uploads\/2020\/05\/1050700-768x512.jpg 768w, https:\/\/www.richteronweb.de\/wp-content\/uploads\/2020\/05\/1050700-2048x1365.jpg 2048w, https:\/\/www.richteronweb.de\/wp-content\/uploads\/2020\/05\/1050700-900x600.jpg 900w\" sizes=\"auto, (max-width: 366px) 100vw, 366px\" \/><\/figure>\r\n\r\n\r\n\r\n<p><strong><em>Hallo zusammen, ich schreibe unter dem Pseudonym Ann Christine Larsen. Zusammen mit meiner Familie und unsere Katze lebe ich im wundersch\u00f6nen Baden-W\u00fcrttemberg auf dem Land. Neben dem Schreiben, arbeite ich in einem B\u00fcro, treffe mich mit meinen Freunden, lese viel und freue mich jede Woche auf die Yogastunde.<\/em><\/strong><\/p>\r\n\r\n\r\n\r\n<p><strong><em>2. Die wohl meistgestellte Frage: Wie bist du zum Schreiben gekommen?<br \/><br \/><\/em><\/strong><strong><em>Das ist eine Geschichte<\/em>:<br \/><em>Mila Olsen und ich waren in einer Therme im Saunabereich. Dort fing alles an, mit einem Kaffee, im Pool und der Aussage. \u201eDann schreib doch mal ein Buch. Ich helfe dir.\u201c Ja, und nach einem Jahr haben wir zusammen \u201eAuszeit in Australien\u201c ver\u00f6ffentlicht.<\/em><\/strong><\/p>\r\n\r\n\r\n\r\n<p><strong><em>3. <\/em><\/strong><em><strong><em><strong><em><strong><em><strong>Wie viele B\u00fccher hast du insgesamt schon geschrieben?<\/strong><\/em><\/strong><\/em><\/strong><\/em> Gibt es denn einen Charakter, in dem du dich selbst wiederfindest?<br \/><\/strong><\/em><br \/><strong><em>Drei B\u00fccher habe ich bisher geschrieben und ich finde mich selbst, in jedem meiner Charaktere irgendwie wieder. Ich denke, dass das jedem Autor so geht.<\/em><\/strong><\/p>\r\n\r\n\r\n\r\n<p><em><strong><em><strong>4. Wenn du die Geschichten deiner B\u00fccher mit 5 Worten beschreiben m\u00fcsstest, welche w\u00e4ren das?<br \/><\/strong><\/em><\/strong><\/em><br \/><strong><em>Sehnsuchtsromane, Suche, Selbstfindung, Humor und Message.<\/em><\/strong><\/p>\r\n\r\n\r\n\r\n<p><strong><em>5. <\/em><\/strong><em><strong><em><strong><em><strong>Was war bis jetzt der Sch\u00f6nste Moment in deiner bisherigen Zeit als Autorin gewesen?<br \/><\/strong><\/em><\/strong><\/em><\/strong><\/em><br \/><strong><em>Den sch\u00f6nsten Moment gibt es f\u00fcr mich nicht. Es ist das Gesamtkonzept, f\u00e4ngt an mit der Idee, wenn ich Ende darunterschreibe und mich mit Mila treffe um das Buch in die Welt zu schicken.<\/em><\/strong><\/p>\r\n\r\n\r\n\r\n<p><strong><em>6.<\/em><\/strong><em><strong>Wie wichtig sind dir die Rezensionen der Leser?<br \/><\/strong><\/em><br \/><strong><em>Das ist mir sehr wichtig. Ich lese jede und freue mich \u00fcber alle.<\/em><\/strong><\/p>\r\n\r\n\r\n\r\n<p><em><strong><em><strong>7. Wie vereinbarst du das Schreiben mit der Familie? Bekommst du Unterst\u00fctzung von deiner Familie?<br \/><\/strong><\/em><\/strong><\/em><br \/><strong><em>Meine Familie unterst\u00fctzt mich sehr. Sie halten mir den R\u00fccken frei, die Kinder kochen oder \u00fcbernehmen den Einkauf und mein Mann ist meine mentale Unterst\u00fctzung, wenn es mal klemmt oder ich frustriert bin.<\/em><\/strong><\/p>\r\n\r\n\r\n\r\n<p><em><strong><em><strong><em><strong>8. Bist du eher ein spontaner Typ, oder brauchst du eine genaue Planung f\u00fcr Unternehmungen? Und wie wirkt sich das auf dich als Autorin aus?<br \/><\/strong><\/em><\/strong><\/em><\/strong><\/em><br \/><strong><em>Das kommt darauf an was es ist. Beim Thema Urlaub planen wir zusammen. Und in meiner Freizeit besuche ich oft spontan meine Freunde. Auswirkungen auf mich, als Autorin hat das nicht.<\/em><\/strong><\/p>\r\n\r\n\r\n\r\n<p><em><strong><em><strong><em><strong><em><strong>9. Angenommen, du h\u00e4ttest ausreichend Geld, um dir einen Traum zu verwirklichen: Wo auf dieser Welt w\u00fcrdest du am liebsten dein Schreibdomizil errichten?<br \/><\/strong><\/em><\/strong><\/em><\/strong><\/em><\/strong><\/em><br \/><strong><em>Mein Motto ist \u201eMy Home is my Castle\u201c, dahingehend habe ich mir dar\u00fcber noch nie Gedanken gemacht. Ich bin gerne Zuhause und schreibe in meinem B\u00fcro oder in meinem Garten. Wichtig ist mir, dass es hell ist.<\/em><\/strong><\/p>\r\n\r\n\r\n\r\n<p><strong><em><strong><em><strong><em><strong><em><strong><em><strong><em><strong><em><strong><em>10. Bist du auch auf Messen, wie LBM und FBM &amp; Co anzutreffen? Was machst du dann auf so einer Veranstaltung?<br \/><\/em><\/strong><\/em><\/strong><\/em><\/strong><\/em><\/strong><\/em><\/strong><\/em><\/strong><\/em><\/strong><\/em><\/strong><br \/><em><strong>Dieses und letzte Jahr war ich auf der BookboyfriendConvetion in Trier und hoffe, dass diese auch n\u00e4chstes Jahr stattfindet. Nach Leipzig und FFM fahre ich auch meistens, aber ohne feste Termine.<\/strong><\/em><\/p>\r\n\r\n\r\n\r\n<p><strong><em>Vielen Dank eure Zeit. Ich hoffe ihr hattet Spa\u00df und konntet mit meinen Antworten etwas anfangen. Gerne k\u00f6nnt ihr mich auch \u00fcber Facebook, Instagram oder meine Homepage kontaktieren.<\/em><\/strong><\/p>\r\n\r\n\r\n\r\n\r\n","protected":false},"excerpt":{"rendered":"<p>\u273d\u2022\u00a8\u2022\u0e51\u273f\u0e51\u2605 Autoreninterview \u2605\u0e51\u273f\u0e51\u2022\u00a8\u2022\u273d 1. Wer ist Ann Christine Larsen? Magst du dich mal vorstellen? Hallo zusammen, ich schreibe unter dem Pseudonym Ann Christine Larsen. Zusammen mit meiner Familie und unsere Katze lebe ich im wundersch\u00f6nen Baden-W\u00fcrttemberg auf dem Land. Neben &hellip; <a href=\"https:\/\/www.richteronweb.de\/?p=14588\">Weiterlesen <span class=\"meta-nav\">&rarr;<\/span><\/a><\/p>\n","protected":false},"author":1,"featured_media":0,"comment_status":"open","ping_status":"open","sticky":false,"template":"","format":"standard","meta":{"_jetpack_memberships_contains_paid_content":false,"footnotes":""},"categories":[1],"tags":[],"class_list":["post-14588","post","type-post","status-publish","format-standard","hentry","category-lesebuch"],"jetpack_featured_media_url":"","jetpack_sharing_enabled":true,"_links":{"self":[{"href":"https:\/\/www.richteronweb.de\/index.php?rest_route=\/wp\/v2\/posts\/14588","targetHints":{"allow":["GET"]}}],"collection":[{"href":"https:\/\/www.richteronweb.de\/index.php?rest_route=\/wp\/v2\/posts"}],"about":[{"href":"https:\/\/www.richteronweb.de\/index.php?rest_route=\/wp\/v2\/types\/post"}],"author":[{"embeddable":true,"href":"https:\/\/www.richteronweb.de\/index.php?rest_route=\/wp\/v2\/users\/1"}],"replies":[{"embeddable":true,"href":"https:\/\/www.richteronweb.de\/index.php?rest_route=%2Fwp%2Fv2%2Fcomments&post=14588"}],"version-history":[{"count":5,"href":"https:\/\/www.richteronweb.de\/index.php?rest_route=\/wp\/v2\/posts\/14588\/revisions"}],"predecessor-version":[{"id":23637,"href":"https:\/\/www.richteronweb.de\/index.php?rest_route=\/wp\/v2\/posts\/14588\/revisions\/23637"}],"wp:attachment":[{"href":"https:\/\/www.richteronweb.de\/index.php?rest_route=%2Fwp%2Fv2%2Fmedia&parent=14588"}],"wp:term":[{"taxonomy":"category","embeddable":true,"href":"https:\/\/www.richteronweb.de\/index.php?rest_route=%2Fwp%2Fv2%2Fcategories&post=14588"},{"taxonomy":"post_tag","embeddable":true,"href":"https:\/\/www.richteronweb.de\/index.php?rest_route=%2Fwp%2Fv2%2Ftags&post=14588"}],"curies":[{"name":"wp","href":"https:\/\/api.w.org\/{rel}","templated":true}]}}