{"id":14456,"date":"2020-05-09T20:17:35","date_gmt":"2020-05-09T18:17:35","guid":{"rendered":"https:\/\/www.richteronweb.de\/?p=14456"},"modified":"2020-05-09T20:17:35","modified_gmt":"2020-05-09T18:17:35","slug":"anton-taucht-ab-von-milena-baisch","status":"publish","type":"post","link":"https:\/\/www.richteronweb.de\/?p=14456","title":{"rendered":"Anton taucht ab von Milena Baisch"},"content":{"rendered":"\n<figure class=\"wp-block-image size-large is-resized\"><img loading=\"lazy\" decoding=\"async\" src=\"https:\/\/www.richteronweb.de\/wp-content\/uploads\/2020\/05\/IMG_20200509_151112-700x933.jpg\" alt=\"\" class=\"wp-image-14457\" width=\"252\" height=\"336\" srcset=\"https:\/\/www.richteronweb.de\/wp-content\/uploads\/2020\/05\/IMG_20200509_151112-700x933.jpg 700w, https:\/\/www.richteronweb.de\/wp-content\/uploads\/2020\/05\/IMG_20200509_151112-225x300.jpg 225w, https:\/\/www.richteronweb.de\/wp-content\/uploads\/2020\/05\/IMG_20200509_151112-768x1024.jpg 768w, https:\/\/www.richteronweb.de\/wp-content\/uploads\/2020\/05\/IMG_20200509_151112-1152x1536.jpg 1152w, https:\/\/www.richteronweb.de\/wp-content\/uploads\/2020\/05\/IMG_20200509_151112-1536x2048.jpg 1536w, https:\/\/www.richteronweb.de\/wp-content\/uploads\/2020\/05\/IMG_20200509_151112-900x1200.jpg 900w, https:\/\/www.richteronweb.de\/wp-content\/uploads\/2020\/05\/IMG_20200509_151112-1280x1707.jpg 1280w, https:\/\/www.richteronweb.de\/wp-content\/uploads\/2020\/05\/IMG_20200509_151112-scaled.jpg 1920w\" sizes=\"auto, (max-width: 252px) 100vw, 252px\" \/><\/figure>\n\n\n\n<p><strong><em>\u273f*\uff9f\u00a8\uff9f\u270e\u2026. Schullekt\u00fcre<\/em><\/strong><\/p>\n\n\n\n<p><strong><em>Henrik mu\u00dfte f\u00fcr die Schule dieses wirklich lustige B\u00fcchlein lesen. Es geht um Anton, der mit seinen Gro\u00dfeltern, auf einem Campingplatz die Sommerferien verbringen darf. Er hat Prinzipien, die ihm hin und wieder im Weg stehen. Keine Gewalt und noch andere Dinge&#8230; Das Buch ist f\u00fcr 9-11 J\u00e4hrige Kinder. Es ist sehr gut geschrieben, auch f\u00fcr den Literaturunterricht in inklusiven Klassen, f\u00fcr Kinder mit LRS oder geringen Deutschkenntnissen und es entspricht dem Sprachniveau A2\/B1. Eine absolute Kaufempfehlung. <\/em><\/strong><\/p>\n\n\n\n<p><\/p>\n","protected":false},"excerpt":{"rendered":"<p>\u273f*\uff9f\u00a8\uff9f\u270e\u2026. Schullekt\u00fcre Henrik mu\u00dfte f\u00fcr die Schule dieses wirklich lustige B\u00fcchlein lesen. Es geht um Anton, der mit seinen Gro\u00dfeltern, auf einem Campingplatz die Sommerferien verbringen darf. Er hat Prinzipien, die ihm hin und wieder im Weg stehen. Keine Gewalt &hellip; <a href=\"https:\/\/www.richteronweb.de\/?p=14456\">Weiterlesen <span class=\"meta-nav\">&rarr;<\/span><\/a><\/p>\n","protected":false},"author":1,"featured_media":0,"comment_status":"open","ping_status":"open","sticky":false,"template":"","format":"standard","meta":{"_jetpack_memberships_contains_paid_content":false,"footnotes":""},"categories":[1],"tags":[],"class_list":["post-14456","post","type-post","status-publish","format-standard","hentry","category-lesebuch"],"jetpack_featured_media_url":"","jetpack_sharing_enabled":true,"_links":{"self":[{"href":"https:\/\/www.richteronweb.de\/index.php?rest_route=\/wp\/v2\/posts\/14456","targetHints":{"allow":["GET"]}}],"collection":[{"href":"https:\/\/www.richteronweb.de\/index.php?rest_route=\/wp\/v2\/posts"}],"about":[{"href":"https:\/\/www.richteronweb.de\/index.php?rest_route=\/wp\/v2\/types\/post"}],"author":[{"embeddable":true,"href":"https:\/\/www.richteronweb.de\/index.php?rest_route=\/wp\/v2\/users\/1"}],"replies":[{"embeddable":true,"href":"https:\/\/www.richteronweb.de\/index.php?rest_route=%2Fwp%2Fv2%2Fcomments&post=14456"}],"version-history":[{"count":1,"href":"https:\/\/www.richteronweb.de\/index.php?rest_route=\/wp\/v2\/posts\/14456\/revisions"}],"predecessor-version":[{"id":14458,"href":"https:\/\/www.richteronweb.de\/index.php?rest_route=\/wp\/v2\/posts\/14456\/revisions\/14458"}],"wp:attachment":[{"href":"https:\/\/www.richteronweb.de\/index.php?rest_route=%2Fwp%2Fv2%2Fmedia&parent=14456"}],"wp:term":[{"taxonomy":"category","embeddable":true,"href":"https:\/\/www.richteronweb.de\/index.php?rest_route=%2Fwp%2Fv2%2Fcategories&post=14456"},{"taxonomy":"post_tag","embeddable":true,"href":"https:\/\/www.richteronweb.de\/index.php?rest_route=%2Fwp%2Fv2%2Ftags&post=14456"}],"curies":[{"name":"wp","href":"https:\/\/api.w.org\/{rel}","templated":true}]}}