{"id":14384,"date":"2020-04-16T21:15:26","date_gmt":"2020-04-16T19:15:26","guid":{"rendered":"https:\/\/www.richteronweb.de\/?p=14384"},"modified":"2022-02-28T20:12:07","modified_gmt":"2022-02-28T19:12:07","slug":"die-sonnenwaechter-sollas-erwachen-von-edda-s-blam","status":"publish","type":"post","link":"https:\/\/www.richteronweb.de\/?p=14384","title":{"rendered":"Die Sonnenw\u00e4chter\/S\u00f6llas Erwachen von Edda S. Blam"},"content":{"rendered":"\r\n<figure class=\"wp-block-image size-large is-resized\"><img loading=\"lazy\" decoding=\"async\" class=\"wp-image-14387\" src=\"https:\/\/www.richteronweb.de\/wp-content\/uploads\/2020\/04\/IMG_20200403_170641-700x933.jpg\" alt=\"\" width=\"258\" height=\"344\" srcset=\"https:\/\/www.richteronweb.de\/wp-content\/uploads\/2020\/04\/IMG_20200403_170641-700x933.jpg 700w, https:\/\/www.richteronweb.de\/wp-content\/uploads\/2020\/04\/IMG_20200403_170641-225x300.jpg 225w, https:\/\/www.richteronweb.de\/wp-content\/uploads\/2020\/04\/IMG_20200403_170641-768x1024.jpg 768w, https:\/\/www.richteronweb.de\/wp-content\/uploads\/2020\/04\/IMG_20200403_170641-1152x1536.jpg 1152w, https:\/\/www.richteronweb.de\/wp-content\/uploads\/2020\/04\/IMG_20200403_170641-1536x2048.jpg 1536w, https:\/\/www.richteronweb.de\/wp-content\/uploads\/2020\/04\/IMG_20200403_170641-900x1200.jpg 900w, https:\/\/www.richteronweb.de\/wp-content\/uploads\/2020\/04\/IMG_20200403_170641-1280x1707.jpg 1280w, https:\/\/www.richteronweb.de\/wp-content\/uploads\/2020\/04\/IMG_20200403_170641-scaled.jpg 1920w\" sizes=\"auto, (max-width: 258px) 100vw, 258px\" \/><\/figure>\r\n\r\n\r\n\r\n<p>\u273f*\uff9f\u00a8\uff9f\u270e\u2026. <em><strong>Auftakt einer Fantasie Buchreihe<\/strong><\/em><\/p>\r\n\r\n\r\n\r\n<p><strong><em>Ich durfte die Autorin auf einer Lesung kennen lernen. Nat\u00fcrlich auch ihr Deb\u00fctroman einer Fantasiegeschichte habe ich gelesen. Nun bin ich ehrlich und schreibe, das ich im ersten Teil des Buches wirklich Schwierigkeiten hatte in die Handlung reinzukommen. Die Idee mit den Nichtmenschen, die nicht gr\u00f6\u00dfer als G\u00e4nsebl\u00fcmchen sind, und der Mutter Sonne und der Mutter Erde ist eine tolle Buchidee. Der Schreibstil wurde f\u00fcr mich im zweiten Buchteil dann doch verst\u00e4ndlicher, denn man muss sich wortw\u00f6rtlich in die Wortwahl der Autorin rein versetzen um die Bedeutung zu verstehen. Daher vergebe ich nur 4 Sterne.<\/em><\/strong><\/p>\r\n","protected":false},"excerpt":{"rendered":"<p>\u273f*\uff9f\u00a8\uff9f\u270e\u2026. Auftakt einer Fantasie Buchreihe Ich durfte die Autorin auf einer Lesung kennen lernen. Nat\u00fcrlich auch ihr Deb\u00fctroman einer Fantasiegeschichte habe ich gelesen. Nun bin ich ehrlich und schreibe, das ich im ersten Teil des Buches wirklich Schwierigkeiten hatte in &hellip; <a href=\"https:\/\/www.richteronweb.de\/?p=14384\">Weiterlesen <span class=\"meta-nav\">&rarr;<\/span><\/a><\/p>\n","protected":false},"author":1,"featured_media":0,"comment_status":"open","ping_status":"open","sticky":false,"template":"","format":"standard","meta":{"_jetpack_memberships_contains_paid_content":false,"footnotes":""},"categories":[1],"tags":[],"class_list":["post-14384","post","type-post","status-publish","format-standard","hentry","category-lesebuch"],"jetpack_featured_media_url":"","jetpack_sharing_enabled":true,"_links":{"self":[{"href":"https:\/\/www.richteronweb.de\/index.php?rest_route=\/wp\/v2\/posts\/14384","targetHints":{"allow":["GET"]}}],"collection":[{"href":"https:\/\/www.richteronweb.de\/index.php?rest_route=\/wp\/v2\/posts"}],"about":[{"href":"https:\/\/www.richteronweb.de\/index.php?rest_route=\/wp\/v2\/types\/post"}],"author":[{"embeddable":true,"href":"https:\/\/www.richteronweb.de\/index.php?rest_route=\/wp\/v2\/users\/1"}],"replies":[{"embeddable":true,"href":"https:\/\/www.richteronweb.de\/index.php?rest_route=%2Fwp%2Fv2%2Fcomments&post=14384"}],"version-history":[{"count":4,"href":"https:\/\/www.richteronweb.de\/index.php?rest_route=\/wp\/v2\/posts\/14384\/revisions"}],"predecessor-version":[{"id":18570,"href":"https:\/\/www.richteronweb.de\/index.php?rest_route=\/wp\/v2\/posts\/14384\/revisions\/18570"}],"wp:attachment":[{"href":"https:\/\/www.richteronweb.de\/index.php?rest_route=%2Fwp%2Fv2%2Fmedia&parent=14384"}],"wp:term":[{"taxonomy":"category","embeddable":true,"href":"https:\/\/www.richteronweb.de\/index.php?rest_route=%2Fwp%2Fv2%2Fcategories&post=14384"},{"taxonomy":"post_tag","embeddable":true,"href":"https:\/\/www.richteronweb.de\/index.php?rest_route=%2Fwp%2Fv2%2Ftags&post=14384"}],"curies":[{"name":"wp","href":"https:\/\/api.w.org\/{rel}","templated":true}]}}