{"id":14363,"date":"2020-03-31T19:43:50","date_gmt":"2020-03-31T17:43:50","guid":{"rendered":"https:\/\/www.richteronweb.de\/?p=14363"},"modified":"2020-03-31T19:43:50","modified_gmt":"2020-03-31T17:43:50","slug":"die-wunderfabrik-keiner-darf-es-wissen-von-stefanie-gerstenberger","status":"publish","type":"post","link":"https:\/\/www.richteronweb.de\/?p=14363","title":{"rendered":"Die Wunderfabrik &#8211; Keiner darf es wissen! von Stefanie Gerstenberger"},"content":{"rendered":"\n<figure class=\"wp-block-image size-large is-resized\"><img loading=\"lazy\" decoding=\"async\" src=\"https:\/\/www.richteronweb.de\/wp-content\/uploads\/2020\/03\/IMG_20200331_124907-700x933.jpg\" alt=\"\" class=\"wp-image-14364\" width=\"214\" height=\"285\" srcset=\"https:\/\/www.richteronweb.de\/wp-content\/uploads\/2020\/03\/IMG_20200331_124907-700x933.jpg 700w, https:\/\/www.richteronweb.de\/wp-content\/uploads\/2020\/03\/IMG_20200331_124907-225x300.jpg 225w, https:\/\/www.richteronweb.de\/wp-content\/uploads\/2020\/03\/IMG_20200331_124907-768x1024.jpg 768w, https:\/\/www.richteronweb.de\/wp-content\/uploads\/2020\/03\/IMG_20200331_124907-1152x1536.jpg 1152w, https:\/\/www.richteronweb.de\/wp-content\/uploads\/2020\/03\/IMG_20200331_124907-1536x2048.jpg 1536w, https:\/\/www.richteronweb.de\/wp-content\/uploads\/2020\/03\/IMG_20200331_124907-900x1200.jpg 900w, https:\/\/www.richteronweb.de\/wp-content\/uploads\/2020\/03\/IMG_20200331_124907-1280x1707.jpg 1280w, https:\/\/www.richteronweb.de\/wp-content\/uploads\/2020\/03\/IMG_20200331_124907-scaled.jpg 1920w\" sizes=\"auto, (max-width: 214px) 100vw, 214px\" \/><\/figure>\n\n\n\n<p><strong><em>\u273f*\uff9f\u00a8\uff9f\u270e\u2026. Die Wunderfabrik (Bd .1<\/em><\/strong><em>)<\/em><\/p>\n\n\n\n<p><strong><em>Dieses tolle Hardcover Buch ist von der Autorin Stefanie Gerstenberger. Normalerweise lese ich ihre Romane f\u00fcr Erwachsene. Nun hat mich das Buch aber eingeladen, es mit meinem 12 j\u00e4hrigen Sohn zu lesen. Die Geschichte handelt, ganz klar, von Kindern und Jugendlichen. Hier sogar von Geschwister. Zwei M\u00e4dchen und ein Junge. Diese werden zu ihren nicht geliebten Gro\u00dfeltern ins Hinterland nach Wales gebracht, w\u00e4hrend den Ferien. Nun werden sie aber durch die komische Haltung und Lebensweise ihrer Gro\u00dfeltern, auf viele verschiedene Geheimnisse aufmerksam, so das das Ferien machen doch interessant wird f\u00fcr die drei Geschwister. Henrik und ich haben die Geschichte von 365 Seiten in knapp drei Tagen gelesen. Das Vorlesen ist aufwendig und trotzdem hat uns die Spannung und Neugierde gepackt, es weiter und weiter zu lesen. Tada und dann war der erste Band fertig und der zweite folgt erst im Herbst. Wir sind aber jetzt schon darauf gespannt&#8230; Absolute Lese- bzw. Kaufempfehlung, nicht nur f\u00fcr unsere Kinder, sondern auch f\u00fcr uns Erwachsene. <\/em><\/strong><\/p>\n","protected":false},"excerpt":{"rendered":"<p>\u273f*\uff9f\u00a8\uff9f\u270e\u2026. Die Wunderfabrik (Bd .1) Dieses tolle Hardcover Buch ist von der Autorin Stefanie Gerstenberger. Normalerweise lese ich ihre Romane f\u00fcr Erwachsene. Nun hat mich das Buch aber eingeladen, es mit meinem 12 j\u00e4hrigen Sohn zu lesen. Die Geschichte handelt, &hellip; <a href=\"https:\/\/www.richteronweb.de\/?p=14363\">Weiterlesen <span class=\"meta-nav\">&rarr;<\/span><\/a><\/p>\n","protected":false},"author":1,"featured_media":0,"comment_status":"open","ping_status":"open","sticky":false,"template":"","format":"standard","meta":{"_jetpack_memberships_contains_paid_content":false,"footnotes":""},"categories":[1],"tags":[],"class_list":["post-14363","post","type-post","status-publish","format-standard","hentry","category-lesebuch"],"jetpack_featured_media_url":"","jetpack_sharing_enabled":true,"_links":{"self":[{"href":"https:\/\/www.richteronweb.de\/index.php?rest_route=\/wp\/v2\/posts\/14363","targetHints":{"allow":["GET"]}}],"collection":[{"href":"https:\/\/www.richteronweb.de\/index.php?rest_route=\/wp\/v2\/posts"}],"about":[{"href":"https:\/\/www.richteronweb.de\/index.php?rest_route=\/wp\/v2\/types\/post"}],"author":[{"embeddable":true,"href":"https:\/\/www.richteronweb.de\/index.php?rest_route=\/wp\/v2\/users\/1"}],"replies":[{"embeddable":true,"href":"https:\/\/www.richteronweb.de\/index.php?rest_route=%2Fwp%2Fv2%2Fcomments&post=14363"}],"version-history":[{"count":1,"href":"https:\/\/www.richteronweb.de\/index.php?rest_route=\/wp\/v2\/posts\/14363\/revisions"}],"predecessor-version":[{"id":14365,"href":"https:\/\/www.richteronweb.de\/index.php?rest_route=\/wp\/v2\/posts\/14363\/revisions\/14365"}],"wp:attachment":[{"href":"https:\/\/www.richteronweb.de\/index.php?rest_route=%2Fwp%2Fv2%2Fmedia&parent=14363"}],"wp:term":[{"taxonomy":"category","embeddable":true,"href":"https:\/\/www.richteronweb.de\/index.php?rest_route=%2Fwp%2Fv2%2Fcategories&post=14363"},{"taxonomy":"post_tag","embeddable":true,"href":"https:\/\/www.richteronweb.de\/index.php?rest_route=%2Fwp%2Fv2%2Ftags&post=14363"}],"curies":[{"name":"wp","href":"https:\/\/api.w.org\/{rel}","templated":true}]}}