{"id":14350,"date":"2020-03-19T12:33:35","date_gmt":"2020-03-19T11:33:35","guid":{"rendered":"https:\/\/www.richteronweb.de\/?p=14350"},"modified":"2020-03-19T12:33:35","modified_gmt":"2020-03-19T11:33:35","slug":"frankfurt-am-mord-von-krueger-krueger","status":"publish","type":"post","link":"https:\/\/www.richteronweb.de\/?p=14350","title":{"rendered":"Frankfurt am Mord von Kr\u00fcger &#038; Kr\u00fcger"},"content":{"rendered":"\n<figure class=\"wp-block-image size-large is-resized\"><img loading=\"lazy\" decoding=\"async\" src=\"https:\/\/www.richteronweb.de\/wp-content\/uploads\/2020\/03\/IMG_20200317_172355-700x933.jpg\" alt=\"\" class=\"wp-image-14351\" width=\"213\" height=\"284\" srcset=\"https:\/\/www.richteronweb.de\/wp-content\/uploads\/2020\/03\/IMG_20200317_172355-700x933.jpg 700w, https:\/\/www.richteronweb.de\/wp-content\/uploads\/2020\/03\/IMG_20200317_172355-225x300.jpg 225w, https:\/\/www.richteronweb.de\/wp-content\/uploads\/2020\/03\/IMG_20200317_172355-768x1024.jpg 768w, https:\/\/www.richteronweb.de\/wp-content\/uploads\/2020\/03\/IMG_20200317_172355-1152x1536.jpg 1152w, https:\/\/www.richteronweb.de\/wp-content\/uploads\/2020\/03\/IMG_20200317_172355-1536x2048.jpg 1536w, https:\/\/www.richteronweb.de\/wp-content\/uploads\/2020\/03\/IMG_20200317_172355-900x1200.jpg 900w, https:\/\/www.richteronweb.de\/wp-content\/uploads\/2020\/03\/IMG_20200317_172355-1280x1707.jpg 1280w, https:\/\/www.richteronweb.de\/wp-content\/uploads\/2020\/03\/IMG_20200317_172355-scaled.jpg 1920w\" sizes=\"auto, (max-width: 213px) 100vw, 213px\" \/><\/figure>\n\n\n\n<p><strong><em>\u273f*\uff9f\u00a8\uff9f\u270e\u2026. Buchreihe Kriminalroman<\/em><\/strong><\/p>\n\n\n\n<p><strong><em>Ich habe das Buch zum Lesen und besprechen erhalten. Meine Meinung wird dadurch nicht beeinflu\u00dft. Das Cover ist vom emons Verlag, wie sonst auch, gestaltet worden. Ich habe leider nicht den ersten Band der Krimireihe der Geschwister Bartsch gelesen, war aber \u00fcberhaupt nicht schlimm, denn der zweite Band ist unabh\u00e4ngig vom ersten Fall gut zu lesen. Man wird hier anfangs \u00fcber einige Fakten gut informiert, so dass der eigentliche Mordfall im mittleren Teil erst zum aufkl\u00e4ren kommt. Guter Schreibstil, mit einer sch\u00f6nen Kulisse, die ich als au\u00dfenstehender Frankfurter, doch auch schon kannte. Ich war gefesselt, denn es wurde ein sehr guter Fall f\u00fcr die Mordkommission. Spannung war auch gegeben und daher bin ich schon auf der Suche nach dem ersten Fall der Geschwister Bartsch. <\/em><\/strong><\/p>\n\n\n\n<p><strong><em>Ungef\u00e4hr in Hessischem Dialekt&#8230; <\/em><\/strong><br><strong><em>Isch habb des Buch zum Lese unn bebabbeln erhoalde. Moi Maanung werd dodorsch nedd beeinflu\u00dft. Des Cover is vum emons Verlag, wie sunschd aa, gestaltet worn. Isch habb leider nedd de erschde Band der Krimireihe der Geschwister Bartsch gelese, war awwer iwwerhaupt nedd schlimm, weil der zwaat Band is unabh\u00e4ngisch vum erschde Fall gud zu lese. Mar ward do oafoangs iwwer einische Fakte gud informiert, sou dass der eischendlische Mordfall im middlere Daal erschd zum aufkl\u00e4re kummt. Guder Schreibstil, mid oaner scheene Kulisse, die isch als au\u00dfenstehender Froangforter, doch aa schunn kannte. Isch war gfesselt, weil &#8216;s wurd ein arig guder Fall f\u00fcr die Mordkommission. Spoannung war aa gewwe unn doher bin isch schunn uffde Such noach dem erschde Fall der Geschwister Bartsch. <\/em><\/strong><\/p>\n","protected":false},"excerpt":{"rendered":"<p>\u273f*\uff9f\u00a8\uff9f\u270e\u2026. Buchreihe Kriminalroman Ich habe das Buch zum Lesen und besprechen erhalten. Meine Meinung wird dadurch nicht beeinflu\u00dft. Das Cover ist vom emons Verlag, wie sonst auch, gestaltet worden. Ich habe leider nicht den ersten Band der Krimireihe der Geschwister &hellip; <a href=\"https:\/\/www.richteronweb.de\/?p=14350\">Weiterlesen <span class=\"meta-nav\">&rarr;<\/span><\/a><\/p>\n","protected":false},"author":1,"featured_media":0,"comment_status":"open","ping_status":"open","sticky":false,"template":"","format":"standard","meta":{"_jetpack_memberships_contains_paid_content":false,"footnotes":""},"categories":[1],"tags":[],"class_list":["post-14350","post","type-post","status-publish","format-standard","hentry","category-lesebuch"],"jetpack_featured_media_url":"","jetpack_sharing_enabled":true,"_links":{"self":[{"href":"https:\/\/www.richteronweb.de\/index.php?rest_route=\/wp\/v2\/posts\/14350","targetHints":{"allow":["GET"]}}],"collection":[{"href":"https:\/\/www.richteronweb.de\/index.php?rest_route=\/wp\/v2\/posts"}],"about":[{"href":"https:\/\/www.richteronweb.de\/index.php?rest_route=\/wp\/v2\/types\/post"}],"author":[{"embeddable":true,"href":"https:\/\/www.richteronweb.de\/index.php?rest_route=\/wp\/v2\/users\/1"}],"replies":[{"embeddable":true,"href":"https:\/\/www.richteronweb.de\/index.php?rest_route=%2Fwp%2Fv2%2Fcomments&post=14350"}],"version-history":[{"count":1,"href":"https:\/\/www.richteronweb.de\/index.php?rest_route=\/wp\/v2\/posts\/14350\/revisions"}],"predecessor-version":[{"id":14352,"href":"https:\/\/www.richteronweb.de\/index.php?rest_route=\/wp\/v2\/posts\/14350\/revisions\/14352"}],"wp:attachment":[{"href":"https:\/\/www.richteronweb.de\/index.php?rest_route=%2Fwp%2Fv2%2Fmedia&parent=14350"}],"wp:term":[{"taxonomy":"category","embeddable":true,"href":"https:\/\/www.richteronweb.de\/index.php?rest_route=%2Fwp%2Fv2%2Fcategories&post=14350"},{"taxonomy":"post_tag","embeddable":true,"href":"https:\/\/www.richteronweb.de\/index.php?rest_route=%2Fwp%2Fv2%2Ftags&post=14350"}],"curies":[{"name":"wp","href":"https:\/\/api.w.org\/{rel}","templated":true}]}}