{"id":13943,"date":"2019-12-02T19:25:51","date_gmt":"2019-12-02T18:25:51","guid":{"rendered":"https:\/\/www.richteronweb.de\/?p=13943"},"modified":"2023-10-18T13:09:43","modified_gmt":"2023-10-18T11:09:43","slug":"meet-greet-mit-kerstin-boehm","status":"publish","type":"post","link":"https:\/\/www.richteronweb.de\/?p=13943","title":{"rendered":"Meet &#038; Greet mit Kerstin B\u00f6hm (Autorin)"},"content":{"rendered":"\r\n<p><em><strong>\u273d\u2022*\u00a8*\u2022\u0e51\u273f\u0e51\u00a0Meet &amp; Greet mit Kerstin B\u00f6hm \u0e51\u273f\u0e51\u2022*\u00a8*\u2022\u273d<\/strong><\/em><\/p>\r\n\r\n\r\n\r\n<p><strong><em>Ich durfte au\u00dfer der Reihe ihrer Termine, die Autorin Kerstin B\u00f6hm, auf der FBM 2019 kennen lernen. Sie schrieb damals den Roman &#8220;Fernweh zum Gl\u00fcck&#8221;, den ich lesen durfte. Und ich war von dieser Art Roman so begeistert, das ich mich sehr \u00fcber dieses spontane Treffen gefreut habe. Sie ist so nat\u00fcrlich r\u00fcber gekommen, das man sich schon vorkam, sich ewig zu kennen. Dort haben wir uns kurz \u00fcber ihr Neuestes Buchwerk unterhalten: &#8220;Drei Leben mit dir&#8221;. Dieses steht schon auf meiner Wunschliste. Mal schauen wann ich es mir besorge. Denn schon das Buchcover ist so einladend es zu lesen. Danke f\u00fcr die die spontane Zeit. <\/em><\/strong><\/p>\r\n\r\n\r\n\r\n<figure class=\"wp-block-image size-large is-resized\"><img loading=\"lazy\" decoding=\"async\" class=\"wp-image-13874\" src=\"https:\/\/www.richteronweb.de\/wp-content\/uploads\/2019\/11\/IMG_20191018_164913-700x933.jpg\" alt=\"\" width=\"294\" height=\"392\" srcset=\"https:\/\/www.richteronweb.de\/wp-content\/uploads\/2019\/11\/IMG_20191018_164913-700x933.jpg 700w, https:\/\/www.richteronweb.de\/wp-content\/uploads\/2019\/11\/IMG_20191018_164913-225x300.jpg 225w, https:\/\/www.richteronweb.de\/wp-content\/uploads\/2019\/11\/IMG_20191018_164913-768x1024.jpg 768w, https:\/\/www.richteronweb.de\/wp-content\/uploads\/2019\/11\/IMG_20191018_164913-1152x1536.jpg 1152w, https:\/\/www.richteronweb.de\/wp-content\/uploads\/2019\/11\/IMG_20191018_164913-1536x2048.jpg 1536w, https:\/\/www.richteronweb.de\/wp-content\/uploads\/2019\/11\/IMG_20191018_164913-900x1200.jpg 900w, https:\/\/www.richteronweb.de\/wp-content\/uploads\/2019\/11\/IMG_20191018_164913-1280x1707.jpg 1280w, https:\/\/www.richteronweb.de\/wp-content\/uploads\/2019\/11\/IMG_20191018_164913-scaled.jpg 1920w\" sizes=\"auto, (max-width: 294px) 100vw, 294px\" \/><\/figure>\r\n","protected":false},"excerpt":{"rendered":"<p>\u273d\u2022*\u00a8*\u2022\u0e51\u273f\u0e51\u00a0Meet &amp; Greet mit Kerstin B\u00f6hm \u0e51\u273f\u0e51\u2022*\u00a8*\u2022\u273d Ich durfte au\u00dfer der Reihe ihrer Termine, die Autorin Kerstin B\u00f6hm, auf der FBM 2019 kennen lernen. Sie schrieb damals den Roman &#8220;Fernweh zum Gl\u00fcck&#8221;, den ich lesen durfte. Und ich war von &hellip; <a href=\"https:\/\/www.richteronweb.de\/?p=13943\">Weiterlesen <span class=\"meta-nav\">&rarr;<\/span><\/a><\/p>\n","protected":false},"author":1,"featured_media":0,"comment_status":"open","ping_status":"open","sticky":false,"template":"","format":"standard","meta":{"_jetpack_memberships_contains_paid_content":false,"footnotes":""},"categories":[1],"tags":[],"class_list":["post-13943","post","type-post","status-publish","format-standard","hentry","category-lesebuch"],"jetpack_featured_media_url":"","jetpack_sharing_enabled":true,"_links":{"self":[{"href":"https:\/\/www.richteronweb.de\/index.php?rest_route=\/wp\/v2\/posts\/13943","targetHints":{"allow":["GET"]}}],"collection":[{"href":"https:\/\/www.richteronweb.de\/index.php?rest_route=\/wp\/v2\/posts"}],"about":[{"href":"https:\/\/www.richteronweb.de\/index.php?rest_route=\/wp\/v2\/types\/post"}],"author":[{"embeddable":true,"href":"https:\/\/www.richteronweb.de\/index.php?rest_route=\/wp\/v2\/users\/1"}],"replies":[{"embeddable":true,"href":"https:\/\/www.richteronweb.de\/index.php?rest_route=%2Fwp%2Fv2%2Fcomments&post=13943"}],"version-history":[{"count":4,"href":"https:\/\/www.richteronweb.de\/index.php?rest_route=\/wp\/v2\/posts\/13943\/revisions"}],"predecessor-version":[{"id":23705,"href":"https:\/\/www.richteronweb.de\/index.php?rest_route=\/wp\/v2\/posts\/13943\/revisions\/23705"}],"wp:attachment":[{"href":"https:\/\/www.richteronweb.de\/index.php?rest_route=%2Fwp%2Fv2%2Fmedia&parent=13943"}],"wp:term":[{"taxonomy":"category","embeddable":true,"href":"https:\/\/www.richteronweb.de\/index.php?rest_route=%2Fwp%2Fv2%2Fcategories&post=13943"},{"taxonomy":"post_tag","embeddable":true,"href":"https:\/\/www.richteronweb.de\/index.php?rest_route=%2Fwp%2Fv2%2Ftags&post=13943"}],"curies":[{"name":"wp","href":"https:\/\/api.w.org\/{rel}","templated":true}]}}