{"id":13747,"date":"2019-10-25T19:19:24","date_gmt":"2019-10-25T17:19:24","guid":{"rendered":"https:\/\/www.richteronweb.de\/?p=13747"},"modified":"2019-10-25T19:19:24","modified_gmt":"2019-10-25T17:19:24","slug":"interview-mit-bianka-mertes","status":"publish","type":"post","link":"https:\/\/www.richteronweb.de\/?p=13747","title":{"rendered":"Interview mit Bianka Mertes"},"content":{"rendered":"\n<p><em><strong>\u273d\u2022*\u00a8*\u2022\u0e51\u273f\u0e51\u2605 Autoreninterview \u2605\u0e51\u273f\u0e51\u2022*\u00a8*\u2022\u273d<\/strong><\/em><\/p>\n\n\n\n<p><strong><em>1. Wer ist Bianka Mertes? Magst du dich mal kurz vorstellen?<\/em><\/strong><\/p>\n\n\n\n<figure class=\"wp-block-image is-resized\"><img loading=\"lazy\" decoding=\"async\" src=\"https:\/\/www.richteronweb.de\/wp-content\/uploads\/2019\/10\/autorenfoto-neu.jpg\" alt=\"\" class=\"wp-image-13748\" width=\"193\" height=\"343\" srcset=\"https:\/\/www.richteronweb.de\/wp-content\/uploads\/2019\/10\/autorenfoto-neu.jpg 540w, https:\/\/www.richteronweb.de\/wp-content\/uploads\/2019\/10\/autorenfoto-neu-169x300.jpg 169w\" sizes=\"auto, (max-width: 193px) 100vw, 193px\" \/><\/figure>\n\n\n\n<p><strong><em>Ich wurde vor nun mehr 50 Jahren in Unkel am Rhein geboren. Nun lebe ich mit meinem Mann und meinen 2 M\u00e4dels, meinem ersten Enkel und 2 Katzen, am Anfang des Westerwaldes in einem idyllischen kleinen St\u00e4dtchen auf dem Land. Wenn ich nicht gerade schreibe, zeichne und male ich auch sehr gerne. Ansonsten k\u00fcmmere ich mich um den Haushalt, Kinder und Enkel.<\/em><\/strong><\/p>\n\n\n\n<p><strong><em>2. Die wohl meistgestellte Frage: Wie bist du zum Schreiben gekommen?<\/em><\/strong><\/p>\n\n\n\n<p><strong><em>Das hat schon in meiner Schulzeit angefangen. Kleine Geschichten erfinden um der Realit\u00e4t zu entfliehen und meiner Fantasie freien Lauf lassen. Doch richtig geschrieben und ver\u00f6ffentlicht habe ich erst viel sp\u00e4ter. Es ist halt nicht leicht, seine eigenen Texte anderen zum Lesen zu geben.<\/em><\/strong><\/p>\n\n\n\n<p><strong><em>3. Wie lange, hast du immer an einen deiner B\u00fccher gearbeitet? Brauchst du f\u00fcr jedes Werk gleich lang?<\/em><\/strong> <\/p>\n\n\n\n<p><strong><em>Oh, schwierige Frage. Ich denke, es kommt auch auf das Genre an und wie viel Zeit einem der Alltag l\u00e4sst. Jedes Buch habe ich in unterschiedlichen Zeiten geschrieben. Manchmal brauche ich auch sehr lange, da ich nur staffelweise schreibe, wie die Zeit es halt zul\u00e4sst.<\/em><\/strong><\/p>\n\n\n\n<p><strong><em>4. Hast du Rituale beim Schreiben? Wenn ja, welche? <\/em><\/strong><\/p>\n\n\n\n<p><strong><em>Ich h\u00f6re Musik, am besten eine, die zu den bestimmten Szenen passt. Da f\u00e4llt es mir leichter, mich in die Protagonisten und ihre Gef\u00fchle zu versetzen.<\/em><\/strong><\/p>\n\n\n\n<p><strong><em>5. K\u00f6nntest du deinen Arbeitsplatz beschreiben? <\/em><\/strong><\/p>\n\n\n\n<p><strong><em>Das ist einfach zu beantworten. Ich arbeite da, wo andere essen. Im Esszimmer. So bin ich auch immer gleich zur Stelle, sollte etwas mit Kindern, Enkel oder Mann sein. Aber ab und zu nehme ich meine Schreibarbeiten sogar mit ins Bett.<\/em><\/strong><\/p>\n\n\n\n<p><strong><em>6. Was ist bis jetzt der Sch\u00f6nste Moment in deiner bisherigen Zeit als Autorin gewesen? <\/em><\/strong><\/p>\n\n\n\n<p><strong><em>Der sch\u00f6nste Moment ist f\u00fcr mich, wenn ich mein gedrucktes Buch in den H\u00e4nden halten kann und die Reaktionen der Leser, wenn sie die Gef\u00fchle wiedergeben, die ich mit bestimmten Szenen auch erreichen wollte.<\/em><\/strong><\/p>\n\n\n\n<p><strong><em>7. Wenn Du eine traurige, witzige oder spannende Szene schreibst, f\u00fchlst du dann mit? <\/em><\/strong><\/p>\n\n\n\n<p><strong><em>Oh ja. Es kommt sogar vor, dass ich unbewusst weine oder lache, wenn ich die Zeilen selbst noch einmal lese. Bei einem Buch hat mich sogar der Protagonist selbst in meinen Tr\u00e4umen nicht zur Ruhe kommen lassen. Ich bin halt nah am Wasser gebaut.<\/em><\/strong><\/p>\n\n\n\n<p><strong><em>8. Hast du schon Neue Ideen f\u00fcr ein weiteres Buch? Wenn ja, m\u00f6chtest du uns etwas dar\u00fcber berichten? <\/em><\/strong><\/p>\n\n\n\n<p><strong><em>Zur Zeit habe ich den Plot f\u00fcr Sprouts 3 fertiggestellt. Und ich schreibe noch an 2 Liebesromanen.<br>Das Cover f\u00fcr Sprouts 3 steht auch bereits, nun muss ich nur noch schreiben.<\/em><\/strong><\/p>\n\n\n\n<p><strong><em>9. Wie wichtig sind dir die Rezensionen der Leser? Kannst du auch mit Kritik umgehen? <\/em><\/strong><\/p>\n\n\n\n<p><strong><em>Rezensionen sind mir sehr wichtig. Schlie\u00dflich geht es hier um die Meinung meiner Leser. Klar, dass ein Buch nicht immer nur gute Rezis bekommen kann und ich glaube, dass ist auch bei jedem Autor so. Geschm\u00e4cker und Erwartungen sind verschieden. Aber es gibt auch Rezensionen, mit denen ich mich gar nicht abfinden kann. Entweder weil sie unfair sind oder unterhalb der G\u00fcrtellinie. Wie z.B. \u00bbDas hat \u00fcberhaupt nichts mit der Realit\u00e4t zu tun.\u00ab Oder \u00bbAls w\u00fcrden sich Teenager so je verhalten.\u00ab Hallo, ich schreibe haupts\u00e4chlich im Bereich Fantasy. Realit\u00e4t ist da kaum zu finden, oder?<\/em><\/strong><\/p>\n\n\n\n<p><strong><em>10. Und die letzte Frage: Welche Jahreszeit magst du am liebsten und weshalb? <\/em><\/strong><\/p>\n\n\n\n<p><strong><em>Ich liebe den Winter. Die frische klare Luft, der Schnee der unter den Schuhen knirscht und die aufkommende Weihnachtsstimmung. Vielleicht liegt es daran, dass ich im November geboren wurde. Jedenfalls ist das f\u00fcr mich die sch\u00f6nste Zeit des Jahres.<\/em><\/strong><\/p>\n\n\n\n<p><strong><em>Abschlie\u00dfend m\u00f6chte ich mich bei dir noch ganz herzlich f\u00fcr das Interview bedanken und f\u00fcr die Zeit, die du in jedes einzelne steckst. Danke auch an die Leser, die sich die M\u00fche machen, meine Zeilen zu lesen.<\/em><\/strong><\/p>\n","protected":false},"excerpt":{"rendered":"<p>\u273d\u2022*\u00a8*\u2022\u0e51\u273f\u0e51\u2605 Autoreninterview \u2605\u0e51\u273f\u0e51\u2022*\u00a8*\u2022\u273d 1. Wer ist Bianka Mertes? Magst du dich mal kurz vorstellen? Ich wurde vor nun mehr 50 Jahren in Unkel am Rhein geboren. Nun lebe ich mit meinem Mann und meinen 2 M\u00e4dels, meinem ersten Enkel und &hellip; <a href=\"https:\/\/www.richteronweb.de\/?p=13747\">Weiterlesen <span class=\"meta-nav\">&rarr;<\/span><\/a><\/p>\n","protected":false},"author":1,"featured_media":0,"comment_status":"open","ping_status":"open","sticky":false,"template":"","format":"standard","meta":{"_jetpack_memberships_contains_paid_content":false,"footnotes":""},"categories":[1],"tags":[],"class_list":["post-13747","post","type-post","status-publish","format-standard","hentry","category-lesebuch"],"jetpack_featured_media_url":"","jetpack_sharing_enabled":true,"_links":{"self":[{"href":"https:\/\/www.richteronweb.de\/index.php?rest_route=\/wp\/v2\/posts\/13747","targetHints":{"allow":["GET"]}}],"collection":[{"href":"https:\/\/www.richteronweb.de\/index.php?rest_route=\/wp\/v2\/posts"}],"about":[{"href":"https:\/\/www.richteronweb.de\/index.php?rest_route=\/wp\/v2\/types\/post"}],"author":[{"embeddable":true,"href":"https:\/\/www.richteronweb.de\/index.php?rest_route=\/wp\/v2\/users\/1"}],"replies":[{"embeddable":true,"href":"https:\/\/www.richteronweb.de\/index.php?rest_route=%2Fwp%2Fv2%2Fcomments&post=13747"}],"version-history":[{"count":2,"href":"https:\/\/www.richteronweb.de\/index.php?rest_route=\/wp\/v2\/posts\/13747\/revisions"}],"predecessor-version":[{"id":13750,"href":"https:\/\/www.richteronweb.de\/index.php?rest_route=\/wp\/v2\/posts\/13747\/revisions\/13750"}],"wp:attachment":[{"href":"https:\/\/www.richteronweb.de\/index.php?rest_route=%2Fwp%2Fv2%2Fmedia&parent=13747"}],"wp:term":[{"taxonomy":"category","embeddable":true,"href":"https:\/\/www.richteronweb.de\/index.php?rest_route=%2Fwp%2Fv2%2Fcategories&post=13747"},{"taxonomy":"post_tag","embeddable":true,"href":"https:\/\/www.richteronweb.de\/index.php?rest_route=%2Fwp%2Fv2%2Ftags&post=13747"}],"curies":[{"name":"wp","href":"https:\/\/api.w.org\/{rel}","templated":true}]}}