{"id":13588,"date":"2019-10-23T20:10:16","date_gmt":"2019-10-23T18:10:16","guid":{"rendered":"https:\/\/www.richteronweb.de\/?p=13588"},"modified":"2019-10-23T20:10:16","modified_gmt":"2019-10-23T18:10:16","slug":"lesung-ellin-carsta","status":"publish","type":"post","link":"https:\/\/www.richteronweb.de\/?p=13588","title":{"rendered":"Lesung: Ellin Carsta"},"content":{"rendered":"\n<p><em><strong>\u2606\u00b4\u00a8)<\/strong><\/em><br><em><strong> . \u00b8.\u2022\u00b4 \u00b8.\u2022*\u00b4\u00a8) \u2606.(\u00af`\u2022.\u2022\u00b4\u00af)<\/strong><\/em><br><em><strong> (.\u00b8.\u2022\u00b4 (\u00b8.\u2022` \u2606 \u00a4\u00ba.`\u2022.\u00b8.\u2022\u00b4 \u2606\u2026\u2026.. Lesung<\/strong><\/em><strong><em> mit<\/em><\/strong> <strong><em>Ellin Carsta<\/em><\/strong><\/p>\n\n\n\n<p><strong><em>Am Messefreitag, 19.10.2019 abends im Cafe Roseli in Frankfurt mit Franziska von <\/em><\/strong><a href=\"https:\/\/franzis-hexenbibliothek.de\/\"><strong><em>https:\/\/franzis-hexenbibliothek.de\/<\/em><\/strong><\/a><strong><em> eine wirklich sch\u00f6ne Lesung besucht. Nicht nur das sich hier das lit.Love Blogger-Team getroffen hatte, sondern auch das Ambiente mich dazu einlud die Lesung von Ellin Carsta zu besuchen. Ich bekam von der Presse eine pers\u00f6nliche Einladung, der ich mit gro\u00dfem Interesse gefolgt bin. Die Autorin schreibt unter mehreren Pseudonymen B\u00fccher in verschiedenen Genre. An diesem Abend hat die Schriftstellerin ihre Historische Romanreihe vorgestellt. Die Hansen Saga hat mich auf eine Zeitreise um 1890 geschickt. Es war es wert sich fallen zu lassen und noch dazu durch die klare und deutliche Aussprache der Autorin fieberte ich zu einem Highlight des Abends hin. Wundervoll!!!<\/em><\/strong><\/p>\n\n\n\n<p><strong><em>Der Auftakt zur historischen Hansen-Saga von Ellin Carsta, der  Erfolgsautorin von \u00bbDie heimliche Heilerin\u00ab: opulent erz\u00e4hlt, emotional  und von sinnlicher Farbigkeit.<\/em><\/strong><\/p>\n\n\n\n<p><strong><em>Eine m\u00e4chtige Familiendynastie auf dem Pr\u00fcfstand der Geschichte.<\/em><\/strong><\/p>\n\n\n\n<ul class=\"wp-block-gallery columns-2 is-cropped wp-block-gallery-1 is-layout-flex wp-block-gallery-is-layout-flex\"><li class=\"blocks-gallery-item\"><figure><img loading=\"lazy\" decoding=\"async\" width=\"700\" height=\"933\" src=\"https:\/\/www.richteronweb.de\/wp-content\/uploads\/2019\/10\/IMG_20191018_183551_1-700x933.jpg\" alt=\"\" data-id=\"13590\" data-link=\"https:\/\/www.richteronweb.de\/?attachment_id=13590\" class=\"wp-image-13590\" srcset=\"https:\/\/www.richteronweb.de\/wp-content\/uploads\/2019\/10\/IMG_20191018_183551_1-700x933.jpg 700w, https:\/\/www.richteronweb.de\/wp-content\/uploads\/2019\/10\/IMG_20191018_183551_1-225x300.jpg 225w, https:\/\/www.richteronweb.de\/wp-content\/uploads\/2019\/10\/IMG_20191018_183551_1-768x1024.jpg 768w, https:\/\/www.richteronweb.de\/wp-content\/uploads\/2019\/10\/IMG_20191018_183551_1-900x1200.jpg 900w, https:\/\/www.richteronweb.de\/wp-content\/uploads\/2019\/10\/IMG_20191018_183551_1-1280x1707.jpg 1280w\" sizes=\"auto, (max-width: 700px) 100vw, 700px\" \/><\/figure><\/li><li class=\"blocks-gallery-item\"><figure><img loading=\"lazy\" decoding=\"async\" width=\"700\" height=\"933\" src=\"https:\/\/www.richteronweb.de\/wp-content\/uploads\/2019\/10\/IMG_20191018_190752-700x933.jpg\" alt=\"\" data-id=\"13589\" data-link=\"https:\/\/www.richteronweb.de\/?attachment_id=13589\" class=\"wp-image-13589\" srcset=\"https:\/\/www.richteronweb.de\/wp-content\/uploads\/2019\/10\/IMG_20191018_190752-700x933.jpg 700w, https:\/\/www.richteronweb.de\/wp-content\/uploads\/2019\/10\/IMG_20191018_190752-225x300.jpg 225w, https:\/\/www.richteronweb.de\/wp-content\/uploads\/2019\/10\/IMG_20191018_190752-768x1024.jpg 768w, https:\/\/www.richteronweb.de\/wp-content\/uploads\/2019\/10\/IMG_20191018_190752-900x1200.jpg 900w, https:\/\/www.richteronweb.de\/wp-content\/uploads\/2019\/10\/IMG_20191018_190752-1280x1707.jpg 1280w\" sizes=\"auto, (max-width: 700px) 100vw, 700px\" \/><\/figure><\/li><\/ul>\n","protected":false},"excerpt":{"rendered":"<p>\u2606\u00b4\u00a8) . \u00b8.\u2022\u00b4 \u00b8.\u2022*\u00b4\u00a8) \u2606.(\u00af`\u2022.\u2022\u00b4\u00af) (.\u00b8.\u2022\u00b4 (\u00b8.\u2022` \u2606 \u00a4\u00ba.`\u2022.\u00b8.\u2022\u00b4 \u2606\u2026\u2026.. Lesung mit Ellin Carsta Am Messefreitag, 19.10.2019 abends im Cafe Roseli in Frankfurt mit Franziska von https:\/\/franzis-hexenbibliothek.de\/ eine wirklich sch\u00f6ne Lesung besucht. Nicht nur das sich hier das lit.Love Blogger-Team &hellip; <a href=\"https:\/\/www.richteronweb.de\/?p=13588\">Weiterlesen <span class=\"meta-nav\">&rarr;<\/span><\/a><\/p>\n","protected":false},"author":1,"featured_media":0,"comment_status":"open","ping_status":"open","sticky":false,"template":"","format":"standard","meta":{"_jetpack_memberships_contains_paid_content":false,"footnotes":""},"categories":[1],"tags":[],"class_list":["post-13588","post","type-post","status-publish","format-standard","hentry","category-lesebuch"],"jetpack_featured_media_url":"","jetpack_sharing_enabled":true,"_links":{"self":[{"href":"https:\/\/www.richteronweb.de\/index.php?rest_route=\/wp\/v2\/posts\/13588","targetHints":{"allow":["GET"]}}],"collection":[{"href":"https:\/\/www.richteronweb.de\/index.php?rest_route=\/wp\/v2\/posts"}],"about":[{"href":"https:\/\/www.richteronweb.de\/index.php?rest_route=\/wp\/v2\/types\/post"}],"author":[{"embeddable":true,"href":"https:\/\/www.richteronweb.de\/index.php?rest_route=\/wp\/v2\/users\/1"}],"replies":[{"embeddable":true,"href":"https:\/\/www.richteronweb.de\/index.php?rest_route=%2Fwp%2Fv2%2Fcomments&post=13588"}],"version-history":[{"count":2,"href":"https:\/\/www.richteronweb.de\/index.php?rest_route=\/wp\/v2\/posts\/13588\/revisions"}],"predecessor-version":[{"id":13592,"href":"https:\/\/www.richteronweb.de\/index.php?rest_route=\/wp\/v2\/posts\/13588\/revisions\/13592"}],"wp:attachment":[{"href":"https:\/\/www.richteronweb.de\/index.php?rest_route=%2Fwp%2Fv2%2Fmedia&parent=13588"}],"wp:term":[{"taxonomy":"category","embeddable":true,"href":"https:\/\/www.richteronweb.de\/index.php?rest_route=%2Fwp%2Fv2%2Fcategories&post=13588"},{"taxonomy":"post_tag","embeddable":true,"href":"https:\/\/www.richteronweb.de\/index.php?rest_route=%2Fwp%2Fv2%2Ftags&post=13588"}],"curies":[{"name":"wp","href":"https:\/\/api.w.org\/{rel}","templated":true}]}}