{"id":13110,"date":"2019-07-16T10:13:47","date_gmt":"2019-07-16T08:13:47","guid":{"rendered":"http:\/\/richteronweb.de\/?p=13110"},"modified":"2023-10-18T13:05:12","modified_gmt":"2023-10-18T11:05:12","slug":"kulinarische-lesung-und-meet-greet-mit-claudia-winter","status":"publish","type":"post","link":"https:\/\/www.richteronweb.de\/?p=13110","title":{"rendered":"Kulinarische Lesung und Meet &#038; Greet mit Claudia Winter (Autorin)"},"content":{"rendered":"\r\n<p><em><strong>\u273d\u2022*\u00a8*\u2022\u0e51\u273f\u0e51 <\/strong><\/em><strong><em>Kulinarischer Leseabend<\/em><\/strong> <strong><em>und <\/em><\/strong><em><strong>Meet &amp; Greet mi<\/strong><\/em><strong><em>t Claudia Winter<\/em><\/strong><em><strong> \u0e51\u273f\u0e51\u2022*\u00a8*\u2022\u273d<\/strong><\/em><\/p>\r\n\r\n\r\n\r\n<p><strong><em>Der Goldmann Verlag hatte zum 2. Mal das Gewinnspiel &#8220;Kulinarischer Leseabend mit und bei der Autorin Claudia Winter&#8221; gestartet. Und ich habe nat\u00fcrlich auch wieder mein Gl\u00fcck versucht. Leider hatte es dieses Jahr, wie auch das vergangene, nicht geklappt. Aber kurz bevor dieser kulinarische Leseabend, dann doch stattfinden sollte, haben zwei der Gewinner abgesagt. Nun wurde kurzfristig neu ausgelost und tadaa ich wurde eingeladen. Wie ich mich gefreut habe, kann ich wirklich nicht beschreiben. Es ist und bleibt mein Highlight im Jahr 2019. Nun zu Beginn haben wir uns einander vorgestellt (10 Personen) und waren uns wirklich alle miteinander sofort sympathisch. Man hatte uns in Zweier\/Dreier Gruppen aufgeteilt. Eine Salatecke, S\u00fc\u00dfe Speise Ecke, usw&#8230;. Wir kochten alle zusammen unser kulinarisches Abendessen. Wie man hier sieht, hat Elisa H\u00e4hner von <\/em><\/strong><a href=\"http:\/\/rorezepte.com\/\"><strong><em>http:\/\/rorezepte.com\/<\/em><\/strong><\/a><strong><em> auch schon einiges mit Claudia Winter vorbereitet. Aber wir hatten trotzdem noch einiges zu bew\u00e4ltigen. Und hatten unseren Spa\u00df!<\/em><\/strong><\/p>\r\n\r\n\r\n\r\n<ul class=\"wp-block-gallery columns-2 is-cropped wp-block-gallery-1 is-layout-flex wp-block-gallery-is-layout-flex\">\r\n<li class=\"blocks-gallery-item\">\r\n<figure><img loading=\"lazy\" decoding=\"async\" width=\"700\" height=\"933\" class=\"wp-image-13139\" src=\"http:\/\/richteronweb.de\/wp-content\/uploads\/2019\/07\/IMG_20190615_173411-700x933.jpg\" alt=\"\" data-id=\"13139\" data-link=\"http:\/\/richteronweb.de\/?attachment_id=13139\" srcset=\"https:\/\/www.richteronweb.de\/wp-content\/uploads\/2019\/07\/IMG_20190615_173411-700x933.jpg 700w, https:\/\/www.richteronweb.de\/wp-content\/uploads\/2019\/07\/IMG_20190615_173411-225x300.jpg 225w, https:\/\/www.richteronweb.de\/wp-content\/uploads\/2019\/07\/IMG_20190615_173411-768x1024.jpg 768w, https:\/\/www.richteronweb.de\/wp-content\/uploads\/2019\/07\/IMG_20190615_173411-900x1200.jpg 900w, https:\/\/www.richteronweb.de\/wp-content\/uploads\/2019\/07\/IMG_20190615_173411-1280x1707.jpg 1280w\" sizes=\"auto, (max-width: 700px) 100vw, 700px\" \/>\r\n<figcaption>rbt<\/figcaption>\r\n<\/figure>\r\n<\/li>\r\n<li class=\"blocks-gallery-item\">\r\n<figure><img loading=\"lazy\" decoding=\"async\" width=\"700\" height=\"933\" class=\"wp-image-13140\" src=\"http:\/\/richteronweb.de\/wp-content\/uploads\/2019\/07\/IMG_20190615_173432-700x933.jpg\" alt=\"\" data-id=\"13140\" data-link=\"http:\/\/richteronweb.de\/?attachment_id=13140\" srcset=\"https:\/\/www.richteronweb.de\/wp-content\/uploads\/2019\/07\/IMG_20190615_173432-700x933.jpg 700w, https:\/\/www.richteronweb.de\/wp-content\/uploads\/2019\/07\/IMG_20190615_173432-225x300.jpg 225w, https:\/\/www.richteronweb.de\/wp-content\/uploads\/2019\/07\/IMG_20190615_173432-768x1024.jpg 768w, https:\/\/www.richteronweb.de\/wp-content\/uploads\/2019\/07\/IMG_20190615_173432-900x1200.jpg 900w, https:\/\/www.richteronweb.de\/wp-content\/uploads\/2019\/07\/IMG_20190615_173432-1280x1707.jpg 1280w\" sizes=\"auto, (max-width: 700px) 100vw, 700px\" \/>\r\n<figcaption>rbt<\/figcaption>\r\n<\/figure>\r\n<\/li>\r\n<\/ul>\r\n\r\n\r\n\r\n<p><strong><em>Die Vorspeise nennt man &#8220;Pissaladiere a la Lis Bleu&#8221; soviel wie Provenzialischer Flammkuchen. Ich bin ja nicht so der echte Liebhaber von Oliven. Ganz ehrlich habe ich mich hier getraut, sie zu probieren und habe es genossen. <\/em><\/strong><\/p>\r\n\r\n\r\n\r\n<figure class=\"wp-block-image is-resized\"><img loading=\"lazy\" decoding=\"async\" class=\"wp-image-13150\" src=\"http:\/\/richteronweb.de\/wp-content\/uploads\/2019\/07\/IMG_20190615_183423-700x933.jpg\" alt=\"\" width=\"305\" height=\"406\" srcset=\"https:\/\/www.richteronweb.de\/wp-content\/uploads\/2019\/07\/IMG_20190615_183423-700x933.jpg 700w, https:\/\/www.richteronweb.de\/wp-content\/uploads\/2019\/07\/IMG_20190615_183423-225x300.jpg 225w, https:\/\/www.richteronweb.de\/wp-content\/uploads\/2019\/07\/IMG_20190615_183423-768x1024.jpg 768w, https:\/\/www.richteronweb.de\/wp-content\/uploads\/2019\/07\/IMG_20190615_183423-900x1200.jpg 900w, https:\/\/www.richteronweb.de\/wp-content\/uploads\/2019\/07\/IMG_20190615_183423-1280x1707.jpg 1280w\" sizes=\"auto, (max-width: 305px) 100vw, 305px\" \/>\r\n<figcaption>Vorspeise<\/figcaption>\r\n<\/figure>\r\n\r\n\r\n\r\n<p><strong><em>Ich war hier mit einer lieben Frau in der Vorbereitungsgruppe Salat. Man hat wirklich viel Spa\u00df beim gemeinsamen Kochen und die Gespr\u00e4chsthemen blieben uns \u00fcberhaupt nicht aus. Es entstand ein sehr lecker bunter Salat f\u00fcr die Hauptspeise.<\/em><\/strong><\/p>\r\n\r\n\r\n\r\n<figure class=\"wp-block-image is-resized\"><img loading=\"lazy\" decoding=\"async\" class=\"wp-image-13152\" src=\"http:\/\/richteronweb.de\/wp-content\/uploads\/2019\/07\/IMG_20190615_194458-700x933.jpg\" alt=\"\" width=\"295\" height=\"392\" srcset=\"https:\/\/www.richteronweb.de\/wp-content\/uploads\/2019\/07\/IMG_20190615_194458-700x933.jpg 700w, https:\/\/www.richteronweb.de\/wp-content\/uploads\/2019\/07\/IMG_20190615_194458-225x300.jpg 225w, https:\/\/www.richteronweb.de\/wp-content\/uploads\/2019\/07\/IMG_20190615_194458-768x1024.jpg 768w, https:\/\/www.richteronweb.de\/wp-content\/uploads\/2019\/07\/IMG_20190615_194458-900x1200.jpg 900w, https:\/\/www.richteronweb.de\/wp-content\/uploads\/2019\/07\/IMG_20190615_194458-1280x1707.jpg 1280w\" sizes=\"auto, (max-width: 295px) 100vw, 295px\" \/>\r\n<figcaption>Beilage zur Hauptspeise<\/figcaption>\r\n<\/figure>\r\n\r\n\r\n\r\n<p><strong><em>Man bedenke das die Hauptspeise von Elisa H\u00e4hner und Claudia Winter vorbereitet wurde. Denn das &#8220;Daube provencale&#8221; &#8211; Provenzalisches Schmorfleisch, wie man hier ja sieht, sollte schmoren \u00fcber einen l\u00e4ngeren Zeitraum. Und es war ein purer Genu\u00df.<\/em><\/strong><\/p>\r\n\r\n\r\n\r\n<figure class=\"wp-block-image is-resized\"><img loading=\"lazy\" decoding=\"async\" class=\"wp-image-13141\" src=\"http:\/\/richteronweb.de\/wp-content\/uploads\/2019\/07\/IMG_20190615_192707-700x933.jpg\" alt=\"\" width=\"291\" height=\"388\" srcset=\"https:\/\/www.richteronweb.de\/wp-content\/uploads\/2019\/07\/IMG_20190615_192707-700x933.jpg 700w, https:\/\/www.richteronweb.de\/wp-content\/uploads\/2019\/07\/IMG_20190615_192707-225x300.jpg 225w, https:\/\/www.richteronweb.de\/wp-content\/uploads\/2019\/07\/IMG_20190615_192707-768x1024.jpg 768w, https:\/\/www.richteronweb.de\/wp-content\/uploads\/2019\/07\/IMG_20190615_192707-900x1200.jpg 900w, https:\/\/www.richteronweb.de\/wp-content\/uploads\/2019\/07\/IMG_20190615_192707-1280x1707.jpg 1280w\" sizes=\"auto, (max-width: 291px) 100vw, 291px\" \/>\r\n<figcaption>Hauptgang<\/figcaption>\r\n<\/figure>\r\n\r\n\r\n\r\n<p><strong><em>Hier wurde ich mit zwei anderen netten Frauen ausgelost, um den Teig f\u00fcr die Nachspeise vorzubereiten. Zum Gl\u00fcck waren wir richtig eingeteilt worden. Ich und Teig herstellen&#8230;. Katastrophe!!! Zum Schlu\u00df haben wir alle allerdings einen himmlisch guten Nachtisch gezaubert. Man nennt die Nachspei\u00dfe: &#8220;Camillas Tarte aux pommes&#8221;, soviel wie Franz\u00f6sische Apfeltarte. <br \/>Bon Appetit &#8211; Guten Hunger!<\/em><\/strong><\/p>\r\n\r\n\r\n\r\n<figure class=\"wp-block-image is-resized\"><img loading=\"lazy\" decoding=\"async\" class=\"wp-image-13146\" src=\"http:\/\/richteronweb.de\/wp-content\/uploads\/2019\/07\/IMG_20190615_214034-700x933.jpg\" alt=\"\" width=\"283\" height=\"377\" srcset=\"https:\/\/www.richteronweb.de\/wp-content\/uploads\/2019\/07\/IMG_20190615_214034-700x933.jpg 700w, https:\/\/www.richteronweb.de\/wp-content\/uploads\/2019\/07\/IMG_20190615_214034-225x300.jpg 225w, https:\/\/www.richteronweb.de\/wp-content\/uploads\/2019\/07\/IMG_20190615_214034-768x1024.jpg 768w, https:\/\/www.richteronweb.de\/wp-content\/uploads\/2019\/07\/IMG_20190615_214034-900x1200.jpg 900w, https:\/\/www.richteronweb.de\/wp-content\/uploads\/2019\/07\/IMG_20190615_214034-1280x1707.jpg 1280w\" sizes=\"auto, (max-width: 283px) 100vw, 283px\" \/>\r\n<figcaption>Nachtisch<\/figcaption>\r\n<\/figure>\r\n\r\n\r\n\r\n<p><strong><em>W\u00e4hrend dem spei\u00dfen haben wir einen sehr guten, leichten und geschmackvollen Wei\u00dfwein getrunken. Empfehlenswert!<\/em><\/strong><\/p>\r\n\r\n\r\n\r\n<figure class=\"wp-block-image is-resized\"><img loading=\"lazy\" decoding=\"async\" class=\"wp-image-13145\" src=\"http:\/\/richteronweb.de\/wp-content\/uploads\/2019\/07\/IMG_20190615_220139-700x933.jpg\" alt=\"\" width=\"278\" height=\"370\" srcset=\"https:\/\/www.richteronweb.de\/wp-content\/uploads\/2019\/07\/IMG_20190615_220139-700x933.jpg 700w, https:\/\/www.richteronweb.de\/wp-content\/uploads\/2019\/07\/IMG_20190615_220139-225x300.jpg 225w, https:\/\/www.richteronweb.de\/wp-content\/uploads\/2019\/07\/IMG_20190615_220139-768x1024.jpg 768w, https:\/\/www.richteronweb.de\/wp-content\/uploads\/2019\/07\/IMG_20190615_220139-900x1200.jpg 900w, https:\/\/www.richteronweb.de\/wp-content\/uploads\/2019\/07\/IMG_20190615_220139-1280x1707.jpg 1280w\" sizes=\"auto, (max-width: 278px) 100vw, 278px\" \/>\r\n<figcaption>Wein zum Essen<\/figcaption>\r\n<\/figure>\r\n\r\n\r\n\r\n<p><strong><em>Nun haben wir das kulinarische Essen genossen und d\u00fcrfen Claudia Winter beim Vorlesen lauschen. Vorbereitet war &#8220;Das Honigm\u00e4dchen&#8221;, aber irgendwie haben wir etwas \u00fcber das Neue Buchwerk von ihr erfahren d\u00fcrfen. <\/em><\/strong><\/p>\r\n\r\n\r\n\r\n<figure class=\"wp-block-image is-resized\"><img loading=\"lazy\" decoding=\"async\" class=\"wp-image-13153\" src=\"http:\/\/richteronweb.de\/wp-content\/uploads\/2019\/07\/IMG_20190615_222242-700x933.jpg\" alt=\"\" width=\"268\" height=\"357\" srcset=\"https:\/\/www.richteronweb.de\/wp-content\/uploads\/2019\/07\/IMG_20190615_222242-700x933.jpg 700w, https:\/\/www.richteronweb.de\/wp-content\/uploads\/2019\/07\/IMG_20190615_222242-225x300.jpg 225w, https:\/\/www.richteronweb.de\/wp-content\/uploads\/2019\/07\/IMG_20190615_222242-768x1024.jpg 768w, https:\/\/www.richteronweb.de\/wp-content\/uploads\/2019\/07\/IMG_20190615_222242-900x1200.jpg 900w, https:\/\/www.richteronweb.de\/wp-content\/uploads\/2019\/07\/IMG_20190615_222242-1280x1707.jpg 1280w\" sizes=\"auto, (max-width: 268px) 100vw, 268px\" \/>\r\n<figcaption>Lesung<\/figcaption>\r\n<\/figure>\r\n\r\n\r\n\r\n<p><strong><em>Und zum Schlu\u00df m\u00f6chte ich mich bei Goldmann Verlag f\u00fcr das Erlebnis bedanken. Denn nur durch das Gewinnspiel durfte ich Claudia Winter und die anderen Frauen privat n\u00e4her kennen lernen. Danke!<\/em><\/strong><\/p>\r\n\r\n\r\n\r\n<figure class=\"wp-block-image is-resized\"><img loading=\"lazy\" decoding=\"async\" class=\"wp-image-13138\" src=\"http:\/\/richteronweb.de\/wp-content\/uploads\/2019\/07\/FB_IMG_1560696439445-700x700.jpg\" alt=\"\" width=\"265\" height=\"265\" srcset=\"https:\/\/www.richteronweb.de\/wp-content\/uploads\/2019\/07\/FB_IMG_1560696439445-700x700.jpg 700w, https:\/\/www.richteronweb.de\/wp-content\/uploads\/2019\/07\/FB_IMG_1560696439445-150x150.jpg 150w, https:\/\/www.richteronweb.de\/wp-content\/uploads\/2019\/07\/FB_IMG_1560696439445-300x300.jpg 300w, https:\/\/www.richteronweb.de\/wp-content\/uploads\/2019\/07\/FB_IMG_1560696439445-768x768.jpg 768w, https:\/\/www.richteronweb.de\/wp-content\/uploads\/2019\/07\/FB_IMG_1560696439445-88x88.jpg 88w, https:\/\/www.richteronweb.de\/wp-content\/uploads\/2019\/07\/FB_IMG_1560696439445-900x900.jpg 900w, https:\/\/www.richteronweb.de\/wp-content\/uploads\/2019\/07\/FB_IMG_1560696439445.jpg 1080w\" sizes=\"auto, (max-width: 265px) 100vw, 265px\" \/>\r\n<figcaption>Abschiedsbild<\/figcaption>\r\n<\/figure>\r\n\r\n\r\n\r\n<p>&nbsp;<\/p>\r\n","protected":false},"excerpt":{"rendered":"<p>\u273d\u2022*\u00a8*\u2022\u0e51\u273f\u0e51 Kulinarischer Leseabend und Meet &amp; Greet mit Claudia Winter \u0e51\u273f\u0e51\u2022*\u00a8*\u2022\u273d Der Goldmann Verlag hatte zum 2. Mal das Gewinnspiel &#8220;Kulinarischer Leseabend mit und bei der Autorin Claudia Winter&#8221; gestartet. Und ich habe nat\u00fcrlich auch wieder mein Gl\u00fcck versucht. Leider &hellip; <a href=\"https:\/\/www.richteronweb.de\/?p=13110\">Weiterlesen <span class=\"meta-nav\">&rarr;<\/span><\/a><\/p>\n","protected":false},"author":1,"featured_media":0,"comment_status":"open","ping_status":"open","sticky":false,"template":"","format":"standard","meta":{"_jetpack_memberships_contains_paid_content":false,"footnotes":""},"categories":[1],"tags":[],"class_list":["post-13110","post","type-post","status-publish","format-standard","hentry","category-lesebuch"],"jetpack_featured_media_url":"","jetpack_sharing_enabled":true,"_links":{"self":[{"href":"https:\/\/www.richteronweb.de\/index.php?rest_route=\/wp\/v2\/posts\/13110","targetHints":{"allow":["GET"]}}],"collection":[{"href":"https:\/\/www.richteronweb.de\/index.php?rest_route=\/wp\/v2\/posts"}],"about":[{"href":"https:\/\/www.richteronweb.de\/index.php?rest_route=\/wp\/v2\/types\/post"}],"author":[{"embeddable":true,"href":"https:\/\/www.richteronweb.de\/index.php?rest_route=\/wp\/v2\/users\/1"}],"replies":[{"embeddable":true,"href":"https:\/\/www.richteronweb.de\/index.php?rest_route=%2Fwp%2Fv2%2Fcomments&post=13110"}],"version-history":[{"count":11,"href":"https:\/\/www.richteronweb.de\/index.php?rest_route=\/wp\/v2\/posts\/13110\/revisions"}],"predecessor-version":[{"id":23698,"href":"https:\/\/www.richteronweb.de\/index.php?rest_route=\/wp\/v2\/posts\/13110\/revisions\/23698"}],"wp:attachment":[{"href":"https:\/\/www.richteronweb.de\/index.php?rest_route=%2Fwp%2Fv2%2Fmedia&parent=13110"}],"wp:term":[{"taxonomy":"category","embeddable":true,"href":"https:\/\/www.richteronweb.de\/index.php?rest_route=%2Fwp%2Fv2%2Fcategories&post=13110"},{"taxonomy":"post_tag","embeddable":true,"href":"https:\/\/www.richteronweb.de\/index.php?rest_route=%2Fwp%2Fv2%2Ftags&post=13110"}],"curies":[{"name":"wp","href":"https:\/\/api.w.org\/{rel}","templated":true}]}}