{"id":12963,"date":"2019-05-21T08:14:29","date_gmt":"2019-05-21T06:14:29","guid":{"rendered":"http:\/\/richteronweb.de\/?p=12963"},"modified":"2019-05-21T08:14:29","modified_gmt":"2019-05-21T06:14:29","slug":"das-kleine-cafe-am-meer-von-anja-saskia-beyer","status":"publish","type":"post","link":"https:\/\/www.richteronweb.de\/?p=12963","title":{"rendered":"Das kleine Cafe am Meer von Anja Saskia Beyer"},"content":{"rendered":"\n<figure class=\"wp-block-image is-resized\"><img loading=\"lazy\" decoding=\"async\" src=\"http:\/\/richteronweb.de\/wp-content\/uploads\/2019\/05\/IMG_20190507_074046-700x933.jpg\" alt=\"\" class=\"wp-image-12905\" width=\"269\" height=\"358\" srcset=\"https:\/\/www.richteronweb.de\/wp-content\/uploads\/2019\/05\/IMG_20190507_074046-700x933.jpg 700w, https:\/\/www.richteronweb.de\/wp-content\/uploads\/2019\/05\/IMG_20190507_074046-225x300.jpg 225w, https:\/\/www.richteronweb.de\/wp-content\/uploads\/2019\/05\/IMG_20190507_074046-768x1024.jpg 768w, https:\/\/www.richteronweb.de\/wp-content\/uploads\/2019\/05\/IMG_20190507_074046-900x1200.jpg 900w, https:\/\/www.richteronweb.de\/wp-content\/uploads\/2019\/05\/IMG_20190507_074046-1280x1707.jpg 1280w\" sizes=\"auto, (max-width: 269px) 100vw, 269px\" \/><\/figure>\n\n\n\n<p><em><strong>\u273f*\uff9f\u00a8\uff9f\u270e\u2026. Gelungene Urlaubslekt\u00fcre!<\/strong><\/em><\/p>\n\n\n\n<p><strong><em>Bei einer Wanderbuchaktion auf FB habe ich das aktuelle Buch &#8220;Das kleine Cafe am Meer&#8221; von der Autorin Anja Saskia Beyer lesen d\u00fcrfen. Schon alleine das Buchcover hat mich animiert dran teilzunehmen und ich wurde w\u00e4hrend dem Lesen auf die sch\u00f6ne Insel Mallorca entf\u00fchrt. Nicht zum Ballermann, mehr in eine sch\u00f6ne Gegend am Meer, in ein Cafe. Dort sind wundervolle Menschen mit tollen Hintergr\u00fcnden und Charakteren erstellt worden. Ich habe sie alle auf mal gern gehabt, jeder war besonders und passte auf diese Insel. Und diese Leichtigkeit ein Sommerbuch zu schreiben, ist der Autorin hier mehr als gelungen. Ich war von beginn an sofort wieder mit dem Buch verbunden. Bisher war ich von den Geschichten aus der Feder von Anja Saskia Beyer mehr als begeistert. Absolute Leseempfehlung!<\/em><\/strong><\/p>\n","protected":false},"excerpt":{"rendered":"<p>\u273f*\uff9f\u00a8\uff9f\u270e\u2026. Gelungene Urlaubslekt\u00fcre! Bei einer Wanderbuchaktion auf FB habe ich das aktuelle Buch &#8220;Das kleine Cafe am Meer&#8221; von der Autorin Anja Saskia Beyer lesen d\u00fcrfen. Schon alleine das Buchcover hat mich animiert dran teilzunehmen und ich wurde w\u00e4hrend dem &hellip; <a href=\"https:\/\/www.richteronweb.de\/?p=12963\">Weiterlesen <span class=\"meta-nav\">&rarr;<\/span><\/a><\/p>\n","protected":false},"author":1,"featured_media":0,"comment_status":"open","ping_status":"open","sticky":false,"template":"","format":"standard","meta":{"_jetpack_memberships_contains_paid_content":false,"footnotes":""},"categories":[1],"tags":[],"class_list":["post-12963","post","type-post","status-publish","format-standard","hentry","category-lesebuch"],"jetpack_featured_media_url":"","jetpack_sharing_enabled":true,"_links":{"self":[{"href":"https:\/\/www.richteronweb.de\/index.php?rest_route=\/wp\/v2\/posts\/12963","targetHints":{"allow":["GET"]}}],"collection":[{"href":"https:\/\/www.richteronweb.de\/index.php?rest_route=\/wp\/v2\/posts"}],"about":[{"href":"https:\/\/www.richteronweb.de\/index.php?rest_route=\/wp\/v2\/types\/post"}],"author":[{"embeddable":true,"href":"https:\/\/www.richteronweb.de\/index.php?rest_route=\/wp\/v2\/users\/1"}],"replies":[{"embeddable":true,"href":"https:\/\/www.richteronweb.de\/index.php?rest_route=%2Fwp%2Fv2%2Fcomments&post=12963"}],"version-history":[{"count":1,"href":"https:\/\/www.richteronweb.de\/index.php?rest_route=\/wp\/v2\/posts\/12963\/revisions"}],"predecessor-version":[{"id":12964,"href":"https:\/\/www.richteronweb.de\/index.php?rest_route=\/wp\/v2\/posts\/12963\/revisions\/12964"}],"wp:attachment":[{"href":"https:\/\/www.richteronweb.de\/index.php?rest_route=%2Fwp%2Fv2%2Fmedia&parent=12963"}],"wp:term":[{"taxonomy":"category","embeddable":true,"href":"https:\/\/www.richteronweb.de\/index.php?rest_route=%2Fwp%2Fv2%2Fcategories&post=12963"},{"taxonomy":"post_tag","embeddable":true,"href":"https:\/\/www.richteronweb.de\/index.php?rest_route=%2Fwp%2Fv2%2Ftags&post=12963"}],"curies":[{"name":"wp","href":"https:\/\/api.w.org\/{rel}","templated":true}]}}