{"id":12515,"date":"2019-03-17T20:34:56","date_gmt":"2019-03-17T19:34:56","guid":{"rendered":"http:\/\/richteronweb.de\/?p=12515"},"modified":"2019-03-17T20:37:04","modified_gmt":"2019-03-17T19:37:04","slug":"lesung-franziska-erhard","status":"publish","type":"post","link":"https:\/\/www.richteronweb.de\/?p=12515","title":{"rendered":"Lesung: Franziska Erhard"},"content":{"rendered":"\n<p><strong><em>\u2606\u00b4\u00a8)<br> . \u00b8.\u2022\u00b4 \u00b8.\u2022*\u00b4\u00a8) \u2606.(\u00af`\u2022.\u2022\u00b4\u00af)<br> (.\u00b8.\u2022\u00b4 (\u00b8.\u2022` \u2606 \u00a4\u00ba.`\u2022.\u00b8.\u2022\u00b4 \u2606\u2026\u2026\u2026.. Lesung mit Franziska Erhard<\/em><\/strong><\/p>\n\n\n\n<p><strong><em>Ich habe meine erste Lesung in diesem Jahr am 21. Februar 2019, in einer Kirche in Karlsruhe, angeh\u00f6rt. Ja &#8211; ihr lest richtig: KIRCHE! Ein spektakul\u00e4res Erlebnis, das sich ab und zu wiederholen wird. Mein Auftakt zum Thema Lesung, war auch f\u00fcr die Autorin Franziska Erhard eine Premiere. Leider nicht \u00fcber das aktuelle Buch: Kolibri Sommer, daf\u00fcr aber las sie aus dem Buch &#8220;Von Muthasen, Fellnasen und dem ganz normalen Wahnsinn mit der Liebe&#8221; vor. Das Treffen war sofort auf einer harmonischen Ebene. Sie kommt locker und witzig r\u00fcber. Und so hat sie auch ihre erste Lesung abgehalten. Mit einigen Lachern meinerseits hat die Kirche gehallt. Peinlich keineswegs, denn es ist ein Buch das ich lesen werde, genau mein Genre. Anschlie\u00dfend wurden wir noch zum Sekt trinken und Austausch eingeladen. Ein herzliches Dankesch\u00f6n f\u00fcr diesen sch\u00f6nen Abend.<\/em><\/strong><\/p>\n\n\n\n<figure class=\"wp-block-image is-resized\"><img loading=\"lazy\" decoding=\"async\" src=\"http:\/\/richteronweb.de\/wp-content\/uploads\/2019\/03\/IMG_20190221_194533-700x933.jpg\" alt=\"\" class=\"wp-image-12516\" width=\"223\" height=\"297\" srcset=\"https:\/\/www.richteronweb.de\/wp-content\/uploads\/2019\/03\/IMG_20190221_194533-700x933.jpg 700w, https:\/\/www.richteronweb.de\/wp-content\/uploads\/2019\/03\/IMG_20190221_194533-225x300.jpg 225w, https:\/\/www.richteronweb.de\/wp-content\/uploads\/2019\/03\/IMG_20190221_194533-768x1024.jpg 768w, https:\/\/www.richteronweb.de\/wp-content\/uploads\/2019\/03\/IMG_20190221_194533-900x1200.jpg 900w, https:\/\/www.richteronweb.de\/wp-content\/uploads\/2019\/03\/IMG_20190221_194533-1280x1707.jpg 1280w\" sizes=\"auto, (max-width: 223px) 100vw, 223px\" \/><\/figure>\n\n\n\n<figure class=\"wp-block-image is-resized\"><img loading=\"lazy\" decoding=\"async\" src=\"http:\/\/richteronweb.de\/wp-content\/uploads\/2019\/03\/IMG_20190221_194504-700x933.jpg\" alt=\"\" class=\"wp-image-12517\" width=\"222\" height=\"296\" srcset=\"https:\/\/www.richteronweb.de\/wp-content\/uploads\/2019\/03\/IMG_20190221_194504-700x933.jpg 700w, https:\/\/www.richteronweb.de\/wp-content\/uploads\/2019\/03\/IMG_20190221_194504-225x300.jpg 225w, https:\/\/www.richteronweb.de\/wp-content\/uploads\/2019\/03\/IMG_20190221_194504-768x1024.jpg 768w, https:\/\/www.richteronweb.de\/wp-content\/uploads\/2019\/03\/IMG_20190221_194504-900x1200.jpg 900w, https:\/\/www.richteronweb.de\/wp-content\/uploads\/2019\/03\/IMG_20190221_194504-1280x1707.jpg 1280w\" sizes=\"auto, (max-width: 222px) 100vw, 222px\" \/><\/figure>\n\n\n\n<figure class=\"wp-block-image is-resized\"><img loading=\"lazy\" decoding=\"async\" src=\"http:\/\/richteronweb.de\/wp-content\/uploads\/2019\/03\/IMG_20190221_203335-700x933.jpg\" alt=\"\" class=\"wp-image-12518\" width=\"223\" height=\"297\" srcset=\"https:\/\/www.richteronweb.de\/wp-content\/uploads\/2019\/03\/IMG_20190221_203335-700x933.jpg 700w, https:\/\/www.richteronweb.de\/wp-content\/uploads\/2019\/03\/IMG_20190221_203335-225x300.jpg 225w, https:\/\/www.richteronweb.de\/wp-content\/uploads\/2019\/03\/IMG_20190221_203335-768x1024.jpg 768w, https:\/\/www.richteronweb.de\/wp-content\/uploads\/2019\/03\/IMG_20190221_203335-900x1200.jpg 900w, https:\/\/www.richteronweb.de\/wp-content\/uploads\/2019\/03\/IMG_20190221_203335-1280x1707.jpg 1280w\" sizes=\"auto, (max-width: 223px) 100vw, 223px\" \/><figcaption><br><\/figcaption><\/figure>\n","protected":false},"excerpt":{"rendered":"<p>\u2606\u00b4\u00a8) . \u00b8.\u2022\u00b4 \u00b8.\u2022*\u00b4\u00a8) \u2606.(\u00af`\u2022.\u2022\u00b4\u00af) (.\u00b8.\u2022\u00b4 (\u00b8.\u2022` \u2606 \u00a4\u00ba.`\u2022.\u00b8.\u2022\u00b4 \u2606\u2026\u2026\u2026.. Lesung mit Franziska Erhard Ich habe meine erste Lesung in diesem Jahr am 21. Februar 2019, in einer Kirche in Karlsruhe, angeh\u00f6rt. Ja &#8211; ihr lest richtig: KIRCHE! Ein spektakul\u00e4res &hellip; <a href=\"https:\/\/www.richteronweb.de\/?p=12515\">Weiterlesen <span class=\"meta-nav\">&rarr;<\/span><\/a><\/p>\n","protected":false},"author":1,"featured_media":0,"comment_status":"open","ping_status":"open","sticky":false,"template":"","format":"standard","meta":{"_jetpack_memberships_contains_paid_content":false,"footnotes":""},"categories":[1],"tags":[],"class_list":["post-12515","post","type-post","status-publish","format-standard","hentry","category-lesebuch"],"jetpack_featured_media_url":"","jetpack_sharing_enabled":true,"_links":{"self":[{"href":"https:\/\/www.richteronweb.de\/index.php?rest_route=\/wp\/v2\/posts\/12515","targetHints":{"allow":["GET"]}}],"collection":[{"href":"https:\/\/www.richteronweb.de\/index.php?rest_route=\/wp\/v2\/posts"}],"about":[{"href":"https:\/\/www.richteronweb.de\/index.php?rest_route=\/wp\/v2\/types\/post"}],"author":[{"embeddable":true,"href":"https:\/\/www.richteronweb.de\/index.php?rest_route=\/wp\/v2\/users\/1"}],"replies":[{"embeddable":true,"href":"https:\/\/www.richteronweb.de\/index.php?rest_route=%2Fwp%2Fv2%2Fcomments&post=12515"}],"version-history":[{"count":3,"href":"https:\/\/www.richteronweb.de\/index.php?rest_route=\/wp\/v2\/posts\/12515\/revisions"}],"predecessor-version":[{"id":12521,"href":"https:\/\/www.richteronweb.de\/index.php?rest_route=\/wp\/v2\/posts\/12515\/revisions\/12521"}],"wp:attachment":[{"href":"https:\/\/www.richteronweb.de\/index.php?rest_route=%2Fwp%2Fv2%2Fmedia&parent=12515"}],"wp:term":[{"taxonomy":"category","embeddable":true,"href":"https:\/\/www.richteronweb.de\/index.php?rest_route=%2Fwp%2Fv2%2Fcategories&post=12515"},{"taxonomy":"post_tag","embeddable":true,"href":"https:\/\/www.richteronweb.de\/index.php?rest_route=%2Fwp%2Fv2%2Ftags&post=12515"}],"curies":[{"name":"wp","href":"https:\/\/api.w.org\/{rel}","templated":true}]}}