{"id":12477,"date":"2019-02-21T08:55:01","date_gmt":"2019-02-21T07:55:01","guid":{"rendered":"http:\/\/richteronweb.de\/?p=12477"},"modified":"2019-02-21T08:55:01","modified_gmt":"2019-02-21T07:55:01","slug":"das-glueck-umarmen-von-nicole-walter","status":"publish","type":"post","link":"https:\/\/www.richteronweb.de\/?p=12477","title":{"rendered":"Das Gl\u00fcck umarmen von Nicole Walter"},"content":{"rendered":"\n<figure class=\"wp-block-image is-resized\"><img loading=\"lazy\" decoding=\"async\" src=\"http:\/\/richteronweb.de\/wp-content\/uploads\/2019\/02\/IMG_20190220_113119-700x933.jpg\" alt=\"\" class=\"wp-image-12478\" width=\"219\" height=\"292\" srcset=\"https:\/\/www.richteronweb.de\/wp-content\/uploads\/2019\/02\/IMG_20190220_113119-700x933.jpg 700w, https:\/\/www.richteronweb.de\/wp-content\/uploads\/2019\/02\/IMG_20190220_113119-225x300.jpg 225w, https:\/\/www.richteronweb.de\/wp-content\/uploads\/2019\/02\/IMG_20190220_113119-768x1024.jpg 768w, https:\/\/www.richteronweb.de\/wp-content\/uploads\/2019\/02\/IMG_20190220_113119-900x1200.jpg 900w, https:\/\/www.richteronweb.de\/wp-content\/uploads\/2019\/02\/IMG_20190220_113119-1280x1707.jpg 1280w\" sizes=\"auto, (max-width: 219px) 100vw, 219px\" \/><\/figure>\n\n\n\n<p><strong><em>\u273f*\uff9f\u00a8\uff9f\u270e\u2026\u2026 Ein Achtsamkeitsroman!<\/em><\/strong><\/p>\n\n\n\n<p><strong><em>Ich habe \u00fcber einen l\u00e4ngeren Zeitraum mir \u00fcberlegt, ob ich dieses Buch kaufen soll oder nicht. Nun hatte ich die M\u00f6glichkeit, in der Gruppe auf FB, das Wanderbuch zu lesen bekommen. Mir gef\u00e4llt das Buchcover enorm gut. Es sind so eine Art Tr\u00e4nentropfen darauf gestaltet. Im Buch selber wurden die Kapitel von der Autorin Nicole Walter mit Zahlen und einem Zitat begonnen. Das mir sehr gefiel. Ich liebe es, wenn man neben der Geschichte einen kleinen Hinweis erh\u00e4lt, was nun geschehen k\u00f6nnte. Nun zu der Handlung: Johanna, die Protagonistin, ist f\u00fcr mich ein au\u00dfergew\u00f6hnlicher Mensch. F\u00fcr den ein oder anderen ist sie einfach nur naiv. Wenn man aber selber sich f\u00fcr Meditation, Yoga, Autogenes Training und Esoterik im Allgemeinen interessiert und es auch gelegentlich im Alltag umzusetzen versucht, ist diese Geschichte eine Kleine Reise wert. Ich wurde einfach von Johanna mitgenommen, die Erde und die Umgebung von ihr wahrzunehmen. Ebenfalls wurden die anderen Protas mit ihrer Geschichte, und wie sie diese im Alltag zu bew\u00e4ltigen versuchten genial in Johannas Leben mit eingef\u00fcgt. Es ist ein Buch, das mich 10 Tage lang begleitet hatte. Der Schreibstil von Nicole Walter ist klasse. Sie schreibt hier leichte gute verst\u00e4ndliche S\u00e4tze, in die man einfach abtauchen konnte. Ich habe mir diesmal etwas Zeit gelassen, es zu beenden, weil ich mir die Zitate und die einzelnen Kapitel zum Nachdenken lie\u00df. Und ich habe es mir auch gekauft f\u00fcr meine Bibliothek. Absolut empfehlenswert!<\/em><\/strong><\/p>\n","protected":false},"excerpt":{"rendered":"<p>\u273f*\uff9f\u00a8\uff9f\u270e\u2026\u2026 Ein Achtsamkeitsroman! Ich habe \u00fcber einen l\u00e4ngeren Zeitraum mir \u00fcberlegt, ob ich dieses Buch kaufen soll oder nicht. Nun hatte ich die M\u00f6glichkeit, in der Gruppe auf FB, das Wanderbuch zu lesen bekommen. Mir gef\u00e4llt das Buchcover enorm gut. &hellip; <a href=\"https:\/\/www.richteronweb.de\/?p=12477\">Weiterlesen <span class=\"meta-nav\">&rarr;<\/span><\/a><\/p>\n","protected":false},"author":1,"featured_media":0,"comment_status":"open","ping_status":"open","sticky":false,"template":"","format":"standard","meta":{"_jetpack_memberships_contains_paid_content":false,"footnotes":""},"categories":[1],"tags":[],"class_list":["post-12477","post","type-post","status-publish","format-standard","hentry","category-lesebuch"],"jetpack_featured_media_url":"","jetpack_sharing_enabled":true,"_links":{"self":[{"href":"https:\/\/www.richteronweb.de\/index.php?rest_route=\/wp\/v2\/posts\/12477","targetHints":{"allow":["GET"]}}],"collection":[{"href":"https:\/\/www.richteronweb.de\/index.php?rest_route=\/wp\/v2\/posts"}],"about":[{"href":"https:\/\/www.richteronweb.de\/index.php?rest_route=\/wp\/v2\/types\/post"}],"author":[{"embeddable":true,"href":"https:\/\/www.richteronweb.de\/index.php?rest_route=\/wp\/v2\/users\/1"}],"replies":[{"embeddable":true,"href":"https:\/\/www.richteronweb.de\/index.php?rest_route=%2Fwp%2Fv2%2Fcomments&post=12477"}],"version-history":[{"count":1,"href":"https:\/\/www.richteronweb.de\/index.php?rest_route=\/wp\/v2\/posts\/12477\/revisions"}],"predecessor-version":[{"id":12479,"href":"https:\/\/www.richteronweb.de\/index.php?rest_route=\/wp\/v2\/posts\/12477\/revisions\/12479"}],"wp:attachment":[{"href":"https:\/\/www.richteronweb.de\/index.php?rest_route=%2Fwp%2Fv2%2Fmedia&parent=12477"}],"wp:term":[{"taxonomy":"category","embeddable":true,"href":"https:\/\/www.richteronweb.de\/index.php?rest_route=%2Fwp%2Fv2%2Fcategories&post=12477"},{"taxonomy":"post_tag","embeddable":true,"href":"https:\/\/www.richteronweb.de\/index.php?rest_route=%2Fwp%2Fv2%2Ftags&post=12477"}],"curies":[{"name":"wp","href":"https:\/\/api.w.org\/{rel}","templated":true}]}}