{"id":12472,"date":"2019-02-21T08:17:53","date_gmt":"2019-02-21T07:17:53","guid":{"rendered":"http:\/\/richteronweb.de\/?p=12472"},"modified":"2019-02-21T08:17:53","modified_gmt":"2019-02-21T07:17:53","slug":"das-safrangeheimnis-detektivbuero-lassemaja-bd-16-von-martin-widmark","status":"publish","type":"post","link":"https:\/\/www.richteronweb.de\/?p=12472","title":{"rendered":"Das Safrangeheimnis: Detektivb\u00fcro LasseMaja Bd. 16 von Martin Widmark"},"content":{"rendered":"\n<figure class=\"wp-block-image is-resized\"><img loading=\"lazy\" decoding=\"async\" src=\"http:\/\/richteronweb.de\/wp-content\/uploads\/2019\/02\/IMG_20190212_120415-700x933.jpg\" alt=\"\" class=\"wp-image-12473\" width=\"250\" height=\"333\" srcset=\"https:\/\/www.richteronweb.de\/wp-content\/uploads\/2019\/02\/IMG_20190212_120415-700x933.jpg 700w, https:\/\/www.richteronweb.de\/wp-content\/uploads\/2019\/02\/IMG_20190212_120415-225x300.jpg 225w, https:\/\/www.richteronweb.de\/wp-content\/uploads\/2019\/02\/IMG_20190212_120415-768x1024.jpg 768w, https:\/\/www.richteronweb.de\/wp-content\/uploads\/2019\/02\/IMG_20190212_120415-900x1200.jpg 900w, https:\/\/www.richteronweb.de\/wp-content\/uploads\/2019\/02\/IMG_20190212_120415-1280x1707.jpg 1280w\" sizes=\"auto, (max-width: 250px) 100vw, 250px\" \/><\/figure>\n\n\n\n<p><strong><em>\u273f*\uff9f\u00a8\uff9f\u270e\u2026\u2026 Detektivgeschichte f\u00fcr Kinder!<\/em><\/strong><\/p>\n\n\n\n<p><strong><em>Ich kann leider nichts Neues berichten, au\u00dfer das mir und meinem Sohn (11) diese Buchreihe sehr gut gef\u00e4llt. Martin Widmark hat hier wieder ein interessantes Geheimnis den beiden Jungen Detektiven zum l\u00f6sen gegeben. Die Bilder sind im Band 16 leider noch schwarz\/wei\u00df. Trotzdem ein sch\u00f6ner Hingucker zu der Handlung. Lesestufe ab 8-12 Jahre. Empfehlemswert!<\/em><\/strong><\/p>\n","protected":false},"excerpt":{"rendered":"<p>\u273f*\uff9f\u00a8\uff9f\u270e\u2026\u2026 Detektivgeschichte f\u00fcr Kinder! Ich kann leider nichts Neues berichten, au\u00dfer das mir und meinem Sohn (11) diese Buchreihe sehr gut gef\u00e4llt. Martin Widmark hat hier wieder ein interessantes Geheimnis den beiden Jungen Detektiven zum l\u00f6sen gegeben. Die Bilder sind &hellip; <a href=\"https:\/\/www.richteronweb.de\/?p=12472\">Weiterlesen <span class=\"meta-nav\">&rarr;<\/span><\/a><\/p>\n","protected":false},"author":1,"featured_media":0,"comment_status":"open","ping_status":"open","sticky":false,"template":"","format":"standard","meta":{"_jetpack_memberships_contains_paid_content":false,"footnotes":""},"categories":[1],"tags":[],"class_list":["post-12472","post","type-post","status-publish","format-standard","hentry","category-lesebuch"],"jetpack_featured_media_url":"","jetpack_sharing_enabled":true,"_links":{"self":[{"href":"https:\/\/www.richteronweb.de\/index.php?rest_route=\/wp\/v2\/posts\/12472","targetHints":{"allow":["GET"]}}],"collection":[{"href":"https:\/\/www.richteronweb.de\/index.php?rest_route=\/wp\/v2\/posts"}],"about":[{"href":"https:\/\/www.richteronweb.de\/index.php?rest_route=\/wp\/v2\/types\/post"}],"author":[{"embeddable":true,"href":"https:\/\/www.richteronweb.de\/index.php?rest_route=\/wp\/v2\/users\/1"}],"replies":[{"embeddable":true,"href":"https:\/\/www.richteronweb.de\/index.php?rest_route=%2Fwp%2Fv2%2Fcomments&post=12472"}],"version-history":[{"count":1,"href":"https:\/\/www.richteronweb.de\/index.php?rest_route=\/wp\/v2\/posts\/12472\/revisions"}],"predecessor-version":[{"id":12474,"href":"https:\/\/www.richteronweb.de\/index.php?rest_route=\/wp\/v2\/posts\/12472\/revisions\/12474"}],"wp:attachment":[{"href":"https:\/\/www.richteronweb.de\/index.php?rest_route=%2Fwp%2Fv2%2Fmedia&parent=12472"}],"wp:term":[{"taxonomy":"category","embeddable":true,"href":"https:\/\/www.richteronweb.de\/index.php?rest_route=%2Fwp%2Fv2%2Fcategories&post=12472"},{"taxonomy":"post_tag","embeddable":true,"href":"https:\/\/www.richteronweb.de\/index.php?rest_route=%2Fwp%2Fv2%2Ftags&post=12472"}],"curies":[{"name":"wp","href":"https:\/\/api.w.org\/{rel}","templated":true}]}}