{"id":12235,"date":"2018-11-29T16:17:46","date_gmt":"2018-11-29T15:17:46","guid":{"rendered":"http:\/\/richteronweb.de\/?p=12235"},"modified":"2022-03-31T17:58:24","modified_gmt":"2022-03-31T15:58:24","slug":"lesung-catherine-aurel","status":"publish","type":"post","link":"https:\/\/www.richteronweb.de\/?p=12235","title":{"rendered":"Lesung: Catherine Aurel"},"content":{"rendered":"<p><span style=\"color: #000000;\"><strong><em><span id=\"fbPhotoSnowliftCaption\" class=\"fbPhotosPhotoCaption\" tabindex=\"0\" data-ft=\"{&quot;tn&quot;:&quot;K&quot;}\"><span class=\"hasCaption\">\u2606\u00b4\u00a8)<br \/>\n. \u00b8.\u2022\u00b4 \u00b8.\u2022*\u00b4\u00a8) \u2606.(\u00af`\u2022.\u2022\u00b4\u00af)<br \/>\n<\/span><\/span><span id=\"fbPhotoSnowliftCaption\" class=\"fbPhotosPhotoCaption\" tabindex=\"0\" data-ft=\"{&quot;tn&quot;:&quot;K&quot;}\"><span class=\"hasCaption\">(.\u00b8.\u2022\u00b4 (\u00b8.\u2022` \u2606 \u00a4\u00ba.`\u2022.\u00b8.\u2022\u00b4 \u2606\u2026\u2026\u2026..<\/span><\/span> Lesung<\/em><\/strong> <em><strong>mit<\/strong> <strong>Catherine Aurel<\/strong><\/em><\/span><\/p>\n<p><span style=\"color: #000000;\"><em><strong>Auf dem lit.Love Wochenende 2018 habe ich nat\u00fcrlich wieder Lesungen als Veranstaltungspunkte ausgesucht. Wie ihr wi\u00dft, besuche ich sehr gerne Lesungen. Nun bin ich \u00fcber die Lesung von Catherine Aurel gestolpert. Historie find ich ja selbst sehr interessant. Nun war ich dann dort und lernte die Schriftstellerin und ihr Buch &#8220;Grimaldi&#8221; kennen. Sie kam sehr sympathisch r\u00fcber. Sie begann ihre Lesung mit der Protagonisten Vorstellung. Erz\u00e4hlte etwas von den ersten Grimaldi, die im 13. Jahrhundert als Piraten unterwegs waren. Ja Piraten! Denn die F\u00fcrstenfamilie verdankte den Reichtum dem Handel. Und um handeln zu k\u00f6nnen, brauchte man Ware. Und diese haben sie sich als Piraten genommen. Die Autorin recherchierte sehr gut, sie versuchte die geschichtlichen Ereignisse der Grimaldi sich anzueignen und niederzuschreiben. Daraus entstand dann ein historischer Roman &#8220;Grimaldi&#8221; &#8211; in dem die Liebe nat\u00fcrlich nicht zu kurz kommt. Sie schreibt seit fast 30 Jahren Geschichten und ist mit mehreren Namen im Buchhandel bekannt &#8211; ihr Klarname ist Julia Kr\u00f6hn. Sie hat ihr Buch wundervoll vorgestellt und auch einige Passagen daraus vorgelesen.<\/strong><\/em><\/span><\/p>\n<p><a href=\"http:\/\/richteronweb.de\/wp-content\/uploads\/2018\/11\/IMG_20181111_125711.jpg\"><img loading=\"lazy\" decoding=\"async\" class=\"alignnone wp-image-12231 size-medium\" src=\"http:\/\/richteronweb.de\/wp-content\/uploads\/2018\/11\/IMG_20181111_125711-225x300.jpg\" alt=\"\" width=\"225\" height=\"300\" srcset=\"https:\/\/www.richteronweb.de\/wp-content\/uploads\/2018\/11\/IMG_20181111_125711-225x300.jpg 225w, https:\/\/www.richteronweb.de\/wp-content\/uploads\/2018\/11\/IMG_20181111_125711-768x1024.jpg 768w, https:\/\/www.richteronweb.de\/wp-content\/uploads\/2018\/11\/IMG_20181111_125711-700x933.jpg 700w, https:\/\/www.richteronweb.de\/wp-content\/uploads\/2018\/11\/IMG_20181111_125711-900x1200.jpg 900w, https:\/\/www.richteronweb.de\/wp-content\/uploads\/2018\/11\/IMG_20181111_125711-1280x1707.jpg 1280w\" sizes=\"auto, (max-width: 225px) 100vw, 225px\" \/>\u00a0 \u00a0 \u00a0 \u00a0 \u00a0 \u00a0 \u00a0 \u00a0 \u00a0 <\/a><a href=\"http:\/\/richteronweb.de\/wp-content\/uploads\/2018\/11\/IMG_20181111_120404.jpg\"><img loading=\"lazy\" decoding=\"async\" class=\"alignnone wp-image-12230 size-medium\" src=\"http:\/\/richteronweb.de\/wp-content\/uploads\/2018\/11\/IMG_20181111_120404-225x300.jpg\" alt=\"\" width=\"225\" height=\"300\" srcset=\"https:\/\/www.richteronweb.de\/wp-content\/uploads\/2018\/11\/IMG_20181111_120404-225x300.jpg 225w, https:\/\/www.richteronweb.de\/wp-content\/uploads\/2018\/11\/IMG_20181111_120404-768x1024.jpg 768w, https:\/\/www.richteronweb.de\/wp-content\/uploads\/2018\/11\/IMG_20181111_120404-700x933.jpg 700w, https:\/\/www.richteronweb.de\/wp-content\/uploads\/2018\/11\/IMG_20181111_120404-900x1200.jpg 900w, https:\/\/www.richteronweb.de\/wp-content\/uploads\/2018\/11\/IMG_20181111_120404-1280x1707.jpg 1280w\" sizes=\"auto, (max-width: 225px) 100vw, 225px\" \/><\/a><\/p>\n","protected":false},"excerpt":{"rendered":"<p>\u2606\u00b4\u00a8) . \u00b8.\u2022\u00b4 \u00b8.\u2022*\u00b4\u00a8) \u2606.(\u00af`\u2022.\u2022\u00b4\u00af) (.\u00b8.\u2022\u00b4 (\u00b8.\u2022` \u2606 \u00a4\u00ba.`\u2022.\u00b8.\u2022\u00b4 \u2606\u2026\u2026\u2026.. Lesung mit Catherine Aurel Auf dem lit.Love Wochenende 2018 habe ich nat\u00fcrlich wieder Lesungen als Veranstaltungspunkte ausgesucht. Wie ihr wi\u00dft, besuche ich sehr gerne Lesungen. Nun bin ich \u00fcber die &hellip; <a href=\"https:\/\/www.richteronweb.de\/?p=12235\">Weiterlesen <span class=\"meta-nav\">&rarr;<\/span><\/a><\/p>\n","protected":false},"author":1,"featured_media":0,"comment_status":"open","ping_status":"open","sticky":false,"template":"","format":"standard","meta":{"_jetpack_memberships_contains_paid_content":false,"footnotes":""},"categories":[1],"tags":[],"class_list":["post-12235","post","type-post","status-publish","format-standard","hentry","category-lesebuch"],"jetpack_featured_media_url":"","jetpack_sharing_enabled":true,"_links":{"self":[{"href":"https:\/\/www.richteronweb.de\/index.php?rest_route=\/wp\/v2\/posts\/12235","targetHints":{"allow":["GET"]}}],"collection":[{"href":"https:\/\/www.richteronweb.de\/index.php?rest_route=\/wp\/v2\/posts"}],"about":[{"href":"https:\/\/www.richteronweb.de\/index.php?rest_route=\/wp\/v2\/types\/post"}],"author":[{"embeddable":true,"href":"https:\/\/www.richteronweb.de\/index.php?rest_route=\/wp\/v2\/users\/1"}],"replies":[{"embeddable":true,"href":"https:\/\/www.richteronweb.de\/index.php?rest_route=%2Fwp%2Fv2%2Fcomments&post=12235"}],"version-history":[{"count":6,"href":"https:\/\/www.richteronweb.de\/index.php?rest_route=\/wp\/v2\/posts\/12235\/revisions"}],"predecessor-version":[{"id":18883,"href":"https:\/\/www.richteronweb.de\/index.php?rest_route=\/wp\/v2\/posts\/12235\/revisions\/18883"}],"wp:attachment":[{"href":"https:\/\/www.richteronweb.de\/index.php?rest_route=%2Fwp%2Fv2%2Fmedia&parent=12235"}],"wp:term":[{"taxonomy":"category","embeddable":true,"href":"https:\/\/www.richteronweb.de\/index.php?rest_route=%2Fwp%2Fv2%2Fcategories&post=12235"},{"taxonomy":"post_tag","embeddable":true,"href":"https:\/\/www.richteronweb.de\/index.php?rest_route=%2Fwp%2Fv2%2Ftags&post=12235"}],"curies":[{"name":"wp","href":"https:\/\/api.w.org\/{rel}","templated":true}]}}