{"id":12161,"date":"2018-11-19T15:05:27","date_gmt":"2018-11-19T14:05:27","guid":{"rendered":"http:\/\/richteronweb.de\/?p=12161"},"modified":"2022-03-31T17:57:32","modified_gmt":"2022-03-31T15:57:32","slug":"lesung-anna-paulsen","status":"publish","type":"post","link":"https:\/\/www.richteronweb.de\/?p=12161","title":{"rendered":"Lesung: Anna Paulsen"},"content":{"rendered":"<p><span style=\"color: #000000;\"><strong><em><span id=\"fbPhotoSnowliftCaption\" class=\"fbPhotosPhotoCaption\" tabindex=\"0\" data-ft=\"{&quot;tn&quot;:&quot;K&quot;}\"><span class=\"hasCaption\">\u2606\u00b4\u00a8)<br \/>\n. \u00b8.\u2022\u00b4 \u00b8.\u2022*\u00b4\u00a8) \u2606.(\u00af`\u2022.\u2022\u00b4\u00af)<br \/>\n<\/span><\/span><span id=\"fbPhotoSnowliftCaption\" class=\"fbPhotosPhotoCaption\" tabindex=\"0\" data-ft=\"{&quot;tn&quot;:&quot;K&quot;}\"><span class=\"hasCaption\">(.\u00b8.\u2022\u00b4 (\u00b8.\u2022` \u2606 \u00a4\u00ba.`\u2022.\u00b8.\u2022\u00b4 \u2606\u2026\u2026\u2026..<\/span><\/span> Lesung<\/em><\/strong> <em><strong>mit<\/strong><strong> Anna Paulsen<\/strong><\/em><\/span><\/p>\n<p><span style=\"color: #000000;\"><em><strong><span style=\"color: #000000;\">Am 10.11.2018 war ich auf der Premierenlesung von Anna Paulsen ihrem Roman &#8220;Wirf dein Herz voraus und spring hinterher&#8221;. Das Buch erschien nun am 12.11.2018. Die Autorin wurde durch ihren Verlag (Penguin Verlag) vorgestellt und alle Lesefreunde waren gespannt, das sie nun beginnt zu lesen. Anna Paulsen las aus ihrem Buch mehrere Passagen vor. Sie hat laut und deutlich ihre Geschichte vorgetragen und mit einigen Mimiken, das ganze zus\u00e4tzlich aufgelockert, so das wir lachen und schmunzeln konnten. Anna Paulsen ist ein Pseudonym. Ich bin von der Schriftstellerin positiv \u00fcberrascht gewesen. Sie erw\u00e4hnte in ihren Lesepausen, wie es zu der Romanidee gekommen ist, n\u00e4mlich im Auto bei einer Wartezeit!<\/span><br \/>\n<\/strong><\/em><\/span><\/p>\n<p><a href=\"http:\/\/richteronweb.de\/wp-content\/uploads\/2018\/11\/IMG_20181110_145355.jpg\"><img loading=\"lazy\" decoding=\"async\" class=\"alignnone wp-image-12164 size-medium\" src=\"http:\/\/richteronweb.de\/wp-content\/uploads\/2018\/11\/IMG_20181110_145355-300x225.jpg\" alt=\"\" width=\"300\" height=\"225\" srcset=\"https:\/\/www.richteronweb.de\/wp-content\/uploads\/2018\/11\/IMG_20181110_145355-300x225.jpg 300w, https:\/\/www.richteronweb.de\/wp-content\/uploads\/2018\/11\/IMG_20181110_145355-768x576.jpg 768w, https:\/\/www.richteronweb.de\/wp-content\/uploads\/2018\/11\/IMG_20181110_145355-700x525.jpg 700w, https:\/\/www.richteronweb.de\/wp-content\/uploads\/2018\/11\/IMG_20181110_145355-900x675.jpg 900w, https:\/\/www.richteronweb.de\/wp-content\/uploads\/2018\/11\/IMG_20181110_145355-1280x960.jpg 1280w\" sizes=\"auto, (max-width: 300px) 100vw, 300px\" \/><\/a><\/p>\n","protected":false},"excerpt":{"rendered":"<p>\u2606\u00b4\u00a8) . \u00b8.\u2022\u00b4 \u00b8.\u2022*\u00b4\u00a8) \u2606.(\u00af`\u2022.\u2022\u00b4\u00af) (.\u00b8.\u2022\u00b4 (\u00b8.\u2022` \u2606 \u00a4\u00ba.`\u2022.\u00b8.\u2022\u00b4 \u2606\u2026\u2026\u2026.. Lesung mit Anna Paulsen Am 10.11.2018 war ich auf der Premierenlesung von Anna Paulsen ihrem Roman &#8220;Wirf dein Herz voraus und spring hinterher&#8221;. Das Buch erschien nun am 12.11.2018. Die &hellip; <a href=\"https:\/\/www.richteronweb.de\/?p=12161\">Weiterlesen <span class=\"meta-nav\">&rarr;<\/span><\/a><\/p>\n","protected":false},"author":1,"featured_media":0,"comment_status":"open","ping_status":"open","sticky":false,"template":"","format":"standard","meta":{"_jetpack_memberships_contains_paid_content":false,"footnotes":""},"categories":[1],"tags":[],"class_list":["post-12161","post","type-post","status-publish","format-standard","hentry","category-lesebuch"],"jetpack_featured_media_url":"","jetpack_sharing_enabled":true,"_links":{"self":[{"href":"https:\/\/www.richteronweb.de\/index.php?rest_route=\/wp\/v2\/posts\/12161","targetHints":{"allow":["GET"]}}],"collection":[{"href":"https:\/\/www.richteronweb.de\/index.php?rest_route=\/wp\/v2\/posts"}],"about":[{"href":"https:\/\/www.richteronweb.de\/index.php?rest_route=\/wp\/v2\/types\/post"}],"author":[{"embeddable":true,"href":"https:\/\/www.richteronweb.de\/index.php?rest_route=\/wp\/v2\/users\/1"}],"replies":[{"embeddable":true,"href":"https:\/\/www.richteronweb.de\/index.php?rest_route=%2Fwp%2Fv2%2Fcomments&post=12161"}],"version-history":[{"count":5,"href":"https:\/\/www.richteronweb.de\/index.php?rest_route=\/wp\/v2\/posts\/12161\/revisions"}],"predecessor-version":[{"id":18881,"href":"https:\/\/www.richteronweb.de\/index.php?rest_route=\/wp\/v2\/posts\/12161\/revisions\/18881"}],"wp:attachment":[{"href":"https:\/\/www.richteronweb.de\/index.php?rest_route=%2Fwp%2Fv2%2Fmedia&parent=12161"}],"wp:term":[{"taxonomy":"category","embeddable":true,"href":"https:\/\/www.richteronweb.de\/index.php?rest_route=%2Fwp%2Fv2%2Fcategories&post=12161"},{"taxonomy":"post_tag","embeddable":true,"href":"https:\/\/www.richteronweb.de\/index.php?rest_route=%2Fwp%2Fv2%2Ftags&post=12161"}],"curies":[{"name":"wp","href":"https:\/\/api.w.org\/{rel}","templated":true}]}}