{"id":12031,"date":"2018-11-03T06:00:41","date_gmt":"2018-11-03T05:00:41","guid":{"rendered":"http:\/\/richteronweb.de\/?p=12031"},"modified":"2022-03-31T17:56:01","modified_gmt":"2022-03-31T15:56:01","slug":"lesung-bernd-leix","status":"publish","type":"post","link":"https:\/\/www.richteronweb.de\/?p=12031","title":{"rendered":"Lesung: Bernd Leix"},"content":{"rendered":"<p><span style=\"color: #000000;\"><strong><em><span id=\"fbPhotoSnowliftCaption\" class=\"fbPhotosPhotoCaption\" tabindex=\"0\" data-ft=\"{&quot;tn&quot;:&quot;K&quot;}\"><span class=\"hasCaption\">\u2606\u00b4\u00a8)<br \/>\n. \u00b8.\u2022\u00b4 \u00b8.\u2022*\u00b4\u00a8) \u2606.(\u00af`\u2022.\u2022\u00b4\u00af)<br \/>\n<\/span><\/span><span id=\"fbPhotoSnowliftCaption\" class=\"fbPhotosPhotoCaption\" tabindex=\"0\" data-ft=\"{&quot;tn&quot;:&quot;K&quot;}\"><span class=\"hasCaption\">(.\u00b8.\u2022\u00b4 (\u00b8.\u2022` \u2606 \u00a4\u00ba.`\u2022.\u00b8.\u2022\u00b4 \u2606\u2026\u2026\u2026..<\/span><\/span> Lesung<\/em><\/strong> <em><strong>mit Bernd Leix<\/strong><\/em><\/span><\/p>\n<p><em><strong><span style=\"color: #000000;\">Ich war am 02.11.18 in Rastatt bei einer Lesung von dem kriminalisten F\u00f6rster Deutschlands. Die Veranstaltung hatte die Buchhandlung Wortwerke inzeniert. Ich habe dem Krimihobbyautor Bernd Leix, hauptberuflich in der Forstwirtschaft\/F\u00f6rster t\u00e4tig,\u00a0 beim Vorlesen gelauscht. Er stand beim Lesen am Stehpult und hat wundervoll mit Gesten und Mimiken, wie auch mit Indizien Material, die Lesung abgehalten. Dieses Buch &#8220;mummelROT&#8221; aus dem Schwarzwald Marie Verlag, hat mich wortw\u00f6rtlich eingeladen, es zu kaufen, signieren zulassen und dem EHE-Mann zu Hause als Weihnachts Vorlage hinzulegen. Ich als B\u00fchlert\u00e4lerin bin ja f\u00fcr Schwarzwald Geschichten zu begeistern. Bernd Leix schreibt immer unter seinem Klarnamen auch andere Krimis \u00fcber den Gmeiner Verlag. Seit 2005 hat er zahlreiche Regionalkrimis ver\u00f6ffentlicht, in denen nat\u00fcrlich Wald und Natur stets eine wichtige Rolle spielten. Er sagt: pro Jahr schreibe ich ein Buch. Ich freue mich bald auf den Krimi hier am Mummelsee.<\/span><br \/>\n<\/strong><\/em><\/p>\n<p><a href=\"http:\/\/richteronweb.de\/wp-content\/uploads\/2018\/11\/received_253440085353730.jpeg\"><img loading=\"lazy\" decoding=\"async\" class=\"alignnone wp-image-12030 size-medium\" src=\"http:\/\/richteronweb.de\/wp-content\/uploads\/2018\/11\/received_253440085353730-225x300.jpeg\" alt=\"\" width=\"225\" height=\"300\" srcset=\"https:\/\/www.richteronweb.de\/wp-content\/uploads\/2018\/11\/received_253440085353730-225x300.jpeg 225w, https:\/\/www.richteronweb.de\/wp-content\/uploads\/2018\/11\/received_253440085353730-768x1024.jpeg 768w, https:\/\/www.richteronweb.de\/wp-content\/uploads\/2018\/11\/received_253440085353730-700x933.jpeg 700w, https:\/\/www.richteronweb.de\/wp-content\/uploads\/2018\/11\/received_253440085353730-900x1200.jpeg 900w, https:\/\/www.richteronweb.de\/wp-content\/uploads\/2018\/11\/received_253440085353730-1280x1707.jpeg 1280w\" sizes=\"auto, (max-width: 225px) 100vw, 225px\" \/> \u00a0\u00a0\u00a0\u00a0\u00a0\u00a0\u00a0\u00a0\u00a0\u00a0\u00a0\u00a0 <\/a><a href=\"http:\/\/richteronweb.de\/wp-content\/uploads\/2018\/11\/IMG_20181102_211438.jpg\"><img loading=\"lazy\" decoding=\"async\" class=\"alignnone wp-image-12029 size-medium\" src=\"http:\/\/richteronweb.de\/wp-content\/uploads\/2018\/11\/IMG_20181102_211438-225x300.jpg\" alt=\"\" width=\"225\" height=\"300\" srcset=\"https:\/\/www.richteronweb.de\/wp-content\/uploads\/2018\/11\/IMG_20181102_211438-225x300.jpg 225w, https:\/\/www.richteronweb.de\/wp-content\/uploads\/2018\/11\/IMG_20181102_211438-768x1024.jpg 768w, https:\/\/www.richteronweb.de\/wp-content\/uploads\/2018\/11\/IMG_20181102_211438-700x933.jpg 700w, https:\/\/www.richteronweb.de\/wp-content\/uploads\/2018\/11\/IMG_20181102_211438-900x1200.jpg 900w, https:\/\/www.richteronweb.de\/wp-content\/uploads\/2018\/11\/IMG_20181102_211438-1280x1707.jpg 1280w\" sizes=\"auto, (max-width: 225px) 100vw, 225px\" \/><\/a><\/p>\n<p>&nbsp;<\/p>\n","protected":false},"excerpt":{"rendered":"<p>\u2606\u00b4\u00a8) . \u00b8.\u2022\u00b4 \u00b8.\u2022*\u00b4\u00a8) \u2606.(\u00af`\u2022.\u2022\u00b4\u00af) (.\u00b8.\u2022\u00b4 (\u00b8.\u2022` \u2606 \u00a4\u00ba.`\u2022.\u00b8.\u2022\u00b4 \u2606\u2026\u2026\u2026.. Lesung mit Bernd Leix Ich war am 02.11.18 in Rastatt bei einer Lesung von dem kriminalisten F\u00f6rster Deutschlands. Die Veranstaltung hatte die Buchhandlung Wortwerke inzeniert. Ich habe dem Krimihobbyautor Bernd &hellip; <a href=\"https:\/\/www.richteronweb.de\/?p=12031\">Weiterlesen <span class=\"meta-nav\">&rarr;<\/span><\/a><\/p>\n","protected":false},"author":1,"featured_media":0,"comment_status":"open","ping_status":"open","sticky":false,"template":"","format":"standard","meta":{"_jetpack_memberships_contains_paid_content":false,"footnotes":""},"categories":[1],"tags":[],"class_list":["post-12031","post","type-post","status-publish","format-standard","hentry","category-lesebuch"],"jetpack_featured_media_url":"","jetpack_sharing_enabled":true,"_links":{"self":[{"href":"https:\/\/www.richteronweb.de\/index.php?rest_route=\/wp\/v2\/posts\/12031","targetHints":{"allow":["GET"]}}],"collection":[{"href":"https:\/\/www.richteronweb.de\/index.php?rest_route=\/wp\/v2\/posts"}],"about":[{"href":"https:\/\/www.richteronweb.de\/index.php?rest_route=\/wp\/v2\/types\/post"}],"author":[{"embeddable":true,"href":"https:\/\/www.richteronweb.de\/index.php?rest_route=\/wp\/v2\/users\/1"}],"replies":[{"embeddable":true,"href":"https:\/\/www.richteronweb.de\/index.php?rest_route=%2Fwp%2Fv2%2Fcomments&post=12031"}],"version-history":[{"count":4,"href":"https:\/\/www.richteronweb.de\/index.php?rest_route=\/wp\/v2\/posts\/12031\/revisions"}],"predecessor-version":[{"id":18878,"href":"https:\/\/www.richteronweb.de\/index.php?rest_route=\/wp\/v2\/posts\/12031\/revisions\/18878"}],"wp:attachment":[{"href":"https:\/\/www.richteronweb.de\/index.php?rest_route=%2Fwp%2Fv2%2Fmedia&parent=12031"}],"wp:term":[{"taxonomy":"category","embeddable":true,"href":"https:\/\/www.richteronweb.de\/index.php?rest_route=%2Fwp%2Fv2%2Fcategories&post=12031"},{"taxonomy":"post_tag","embeddable":true,"href":"https:\/\/www.richteronweb.de\/index.php?rest_route=%2Fwp%2Fv2%2Ftags&post=12031"}],"curies":[{"name":"wp","href":"https:\/\/api.w.org\/{rel}","templated":true}]}}