{"id":11848,"date":"2018-09-26T19:42:12","date_gmt":"2018-09-26T17:42:12","guid":{"rendered":"http:\/\/richteronweb.de\/?p=11848"},"modified":"2021-05-22T15:03:51","modified_gmt":"2021-05-22T13:03:51","slug":"die-raben-bande-abgezockt-von-sandra-koenig","status":"publish","type":"post","link":"https:\/\/www.richteronweb.de\/?p=11848","title":{"rendered":"Die Raben-Bande\/Abgezockt! von Sandra K\u00f6nig"},"content":{"rendered":"<p><a href=\"http:\/\/richteronweb.de\/wp-content\/uploads\/2018\/09\/IMG_20180926_192014.jpg\"><img loading=\"lazy\" decoding=\"async\" class=\"alignnone wp-image-11849 size-medium\" src=\"http:\/\/richteronweb.de\/wp-content\/uploads\/2018\/09\/IMG_20180926_192014-225x300.jpg\" alt=\"\" width=\"225\" height=\"300\" srcset=\"https:\/\/www.richteronweb.de\/wp-content\/uploads\/2018\/09\/IMG_20180926_192014-225x300.jpg 225w, https:\/\/www.richteronweb.de\/wp-content\/uploads\/2018\/09\/IMG_20180926_192014-768x1024.jpg 768w, https:\/\/www.richteronweb.de\/wp-content\/uploads\/2018\/09\/IMG_20180926_192014-700x933.jpg 700w, https:\/\/www.richteronweb.de\/wp-content\/uploads\/2018\/09\/IMG_20180926_192014-900x1200.jpg 900w, https:\/\/www.richteronweb.de\/wp-content\/uploads\/2018\/09\/IMG_20180926_192014-1280x1707.jpg 1280w\" sizes=\"auto, (max-width: 225px) 100vw, 225px\" \/><\/a><\/p>\n<p><span style=\"color: #000000;\"><strong><em><span style=\"color: #000000;\">\u273f*\uff9f\u00a8\uff9f\u270e\u2026. <\/span>Rabenbande 1<\/em><\/strong><\/span><\/p>\n<p><em><strong>Ich und mein Sohn Henrik haben an einer Wanderbuch Aktion teilgenommen, bei der wir das Buch von der Autorin Sandra K\u00f6nig lesen durften. Es ist der erste Band der Rabenbande. Es sind f\u00fcnf kleine Protagonisten im Alter von 10 Jahren, die einen Fall an ihrer Schule aufdecken. Guter Schreibstil, den die 10 j\u00e4hrigen gut lesen und folgen k\u00f6nnen. Spannend und mit gutem Thema &#8220;Erpressung, sich an J\u00fcngeren bereichern&#8230;.&#8221; geschrieben. Absolutes Lesevergn\u00fcgen f\u00fcr kleine Detektive. Ich kann es als Vorleserin empfehlen.<\/strong><\/em><\/p>\n","protected":false},"excerpt":{"rendered":"<p>\u273f*\uff9f\u00a8\uff9f\u270e\u2026. Rabenbande 1 Ich und mein Sohn Henrik haben an einer Wanderbuch Aktion teilgenommen, bei der wir das Buch von der Autorin Sandra K\u00f6nig lesen durften. Es ist der erste Band der Rabenbande. Es sind f\u00fcnf kleine Protagonisten im Alter &hellip; <a href=\"https:\/\/www.richteronweb.de\/?p=11848\">Weiterlesen <span class=\"meta-nav\">&rarr;<\/span><\/a><\/p>\n","protected":false},"author":1,"featured_media":0,"comment_status":"open","ping_status":"open","sticky":false,"template":"","format":"standard","meta":{"_jetpack_memberships_contains_paid_content":false,"footnotes":""},"categories":[1],"tags":[],"class_list":["post-11848","post","type-post","status-publish","format-standard","hentry","category-lesebuch"],"jetpack_featured_media_url":"","jetpack_sharing_enabled":true,"_links":{"self":[{"href":"https:\/\/www.richteronweb.de\/index.php?rest_route=\/wp\/v2\/posts\/11848","targetHints":{"allow":["GET"]}}],"collection":[{"href":"https:\/\/www.richteronweb.de\/index.php?rest_route=\/wp\/v2\/posts"}],"about":[{"href":"https:\/\/www.richteronweb.de\/index.php?rest_route=\/wp\/v2\/types\/post"}],"author":[{"embeddable":true,"href":"https:\/\/www.richteronweb.de\/index.php?rest_route=\/wp\/v2\/users\/1"}],"replies":[{"embeddable":true,"href":"https:\/\/www.richteronweb.de\/index.php?rest_route=%2Fwp%2Fv2%2Fcomments&post=11848"}],"version-history":[{"count":3,"href":"https:\/\/www.richteronweb.de\/index.php?rest_route=\/wp\/v2\/posts\/11848\/revisions"}],"predecessor-version":[{"id":16637,"href":"https:\/\/www.richteronweb.de\/index.php?rest_route=\/wp\/v2\/posts\/11848\/revisions\/16637"}],"wp:attachment":[{"href":"https:\/\/www.richteronweb.de\/index.php?rest_route=%2Fwp%2Fv2%2Fmedia&parent=11848"}],"wp:term":[{"taxonomy":"category","embeddable":true,"href":"https:\/\/www.richteronweb.de\/index.php?rest_route=%2Fwp%2Fv2%2Fcategories&post=11848"},{"taxonomy":"post_tag","embeddable":true,"href":"https:\/\/www.richteronweb.de\/index.php?rest_route=%2Fwp%2Fv2%2Ftags&post=11848"}],"curies":[{"name":"wp","href":"https:\/\/api.w.org\/{rel}","templated":true}]}}