{"id":11549,"date":"2018-06-22T21:04:08","date_gmt":"2018-06-22T19:04:08","guid":{"rendered":"http:\/\/richteronweb.de\/?p=11549"},"modified":"2018-06-22T21:04:08","modified_gmt":"2018-06-22T19:04:08","slug":"cowboy-klaus-und-das-pupsende-pony-von-karsten-teich-eva-muszynski","status":"publish","type":"post","link":"https:\/\/www.richteronweb.de\/?p=11549","title":{"rendered":"Cowboy Klaus und das pupsende Pony von Karsten Teich &#038; Eva Muszynski"},"content":{"rendered":"<p><a href=\"http:\/\/richteronweb.de\/wp-content\/uploads\/2018\/06\/IMG_20180622_182651.jpg\"><img loading=\"lazy\" decoding=\"async\" class=\"alignnone wp-image-11551 size-medium\" src=\"http:\/\/richteronweb.de\/wp-content\/uploads\/2018\/06\/IMG_20180622_182651-225x300.jpg\" alt=\"\" width=\"225\" height=\"300\" srcset=\"https:\/\/www.richteronweb.de\/wp-content\/uploads\/2018\/06\/IMG_20180622_182651-225x300.jpg 225w, https:\/\/www.richteronweb.de\/wp-content\/uploads\/2018\/06\/IMG_20180622_182651-768x1024.jpg 768w, https:\/\/www.richteronweb.de\/wp-content\/uploads\/2018\/06\/IMG_20180622_182651-700x933.jpg 700w, https:\/\/www.richteronweb.de\/wp-content\/uploads\/2018\/06\/IMG_20180622_182651-900x1200.jpg 900w, https:\/\/www.richteronweb.de\/wp-content\/uploads\/2018\/06\/IMG_20180622_182651-1280x1707.jpg 1280w\" sizes=\"auto, (max-width: 225px) 100vw, 225px\" \/><\/a><\/p>\n<p><em><strong><span style=\"color: #000000;\"><span style=\"color: #808080;\">\u273f*\uff9f\u00a8\uff9f\u270e\u2026. <\/span>Ein pupsendes Pony<\/span><\/strong><\/em><\/p>\n<p><em><strong><span style=\"color: #000000;\">Gerade haben Henrik (10) und ich zum Tagesausklang diese nette Geschichte vom Cowboy Klaus und dem pupsenden Pony gelesen. Wir haben etwas gelacht, weil Cowboy Klaus nicht ein echter Cowboy ist, aber einer sein m\u00f6chte. Er mu\u00df in seinen Garten und Mais ernten. Aber da entdeckt er etwas und erlebt ein kleines Abenteuer. Sch\u00f6n geschrieben, verst\u00e4ndlich f\u00fcr Kinder ab 6 Jahren. Sch\u00f6ne Bilder versch\u00f6nern die kleine Geschichte zus\u00e4tzlich.<\/span><\/strong><\/em><\/p>\n","protected":false},"excerpt":{"rendered":"<p>\u273f*\uff9f\u00a8\uff9f\u270e\u2026. Ein pupsendes Pony Gerade haben Henrik (10) und ich zum Tagesausklang diese nette Geschichte vom Cowboy Klaus und dem pupsenden Pony gelesen. Wir haben etwas gelacht, weil Cowboy Klaus nicht ein echter Cowboy ist, aber einer sein m\u00f6chte. Er &hellip; <a href=\"https:\/\/www.richteronweb.de\/?p=11549\">Weiterlesen <span class=\"meta-nav\">&rarr;<\/span><\/a><\/p>\n","protected":false},"author":1,"featured_media":0,"comment_status":"open","ping_status":"open","sticky":false,"template":"","format":"standard","meta":{"_jetpack_memberships_contains_paid_content":false,"footnotes":""},"categories":[1],"tags":[],"class_list":["post-11549","post","type-post","status-publish","format-standard","hentry","category-lesebuch"],"jetpack_featured_media_url":"","jetpack_sharing_enabled":true,"_links":{"self":[{"href":"https:\/\/www.richteronweb.de\/index.php?rest_route=\/wp\/v2\/posts\/11549","targetHints":{"allow":["GET"]}}],"collection":[{"href":"https:\/\/www.richteronweb.de\/index.php?rest_route=\/wp\/v2\/posts"}],"about":[{"href":"https:\/\/www.richteronweb.de\/index.php?rest_route=\/wp\/v2\/types\/post"}],"author":[{"embeddable":true,"href":"https:\/\/www.richteronweb.de\/index.php?rest_route=\/wp\/v2\/users\/1"}],"replies":[{"embeddable":true,"href":"https:\/\/www.richteronweb.de\/index.php?rest_route=%2Fwp%2Fv2%2Fcomments&post=11549"}],"version-history":[{"count":2,"href":"https:\/\/www.richteronweb.de\/index.php?rest_route=\/wp\/v2\/posts\/11549\/revisions"}],"predecessor-version":[{"id":11552,"href":"https:\/\/www.richteronweb.de\/index.php?rest_route=\/wp\/v2\/posts\/11549\/revisions\/11552"}],"wp:attachment":[{"href":"https:\/\/www.richteronweb.de\/index.php?rest_route=%2Fwp%2Fv2%2Fmedia&parent=11549"}],"wp:term":[{"taxonomy":"category","embeddable":true,"href":"https:\/\/www.richteronweb.de\/index.php?rest_route=%2Fwp%2Fv2%2Fcategories&post=11549"},{"taxonomy":"post_tag","embeddable":true,"href":"https:\/\/www.richteronweb.de\/index.php?rest_route=%2Fwp%2Fv2%2Ftags&post=11549"}],"curies":[{"name":"wp","href":"https:\/\/api.w.org\/{rel}","templated":true}]}}