{"id":10060,"date":"2017-11-20T13:46:04","date_gmt":"2017-11-20T12:46:04","guid":{"rendered":"http:\/\/richteronweb.de\/?p=10060"},"modified":"2017-11-20T14:16:01","modified_gmt":"2017-11-20T13:16:01","slug":"lesung-ulla-scheler","status":"publish","type":"post","link":"https:\/\/www.richteronweb.de\/?p=10060","title":{"rendered":"Lesung: Ulla Scheler"},"content":{"rendered":"<p><em><strong>\u2606\u00b4\u00a8)<\/strong><\/em><br \/>\n<em><strong> . \u00b8.\u2022\u00b4 \u00b8.\u2022*\u00b4\u00a8) \u2606.(\u00af`\u2022.\u2022\u00b4\u00af)<\/strong><\/em><br \/>\n<em><strong> (.\u00b8.\u2022\u00b4 (\u00b8.\u2022` \u2606 \u00a4\u00ba.`\u2022.\u00b8.\u2022\u00b4 \u2606\u2026\u2026<\/strong> <span style=\"color: #000000;\"><strong>Lesung mit Ulla Scheler<\/strong><\/span><\/em><\/p>\n<p><span style=\"color: #000000;\"><em><strong>Leider hatte es, am lit.Love Wochenende in M\u00fcnchen, nicht geklappt auf die Lesung von Ulla Scheler zu gehen. Aber kaum war ich zu Hause, habe ich nat\u00fcrlich das Prospekt zur Karlruher B\u00fccherschau durchgelesen. Und tadaaa&#8230; Ulla Scheler liest aus ihrem zweiten Buch &#8220;Und wenn die Welt verbrennt&#8221; vor. Also bin ich am Samstag, 19.11.2017 auf die Lesung nach Karlsruhe gefahren. Und schon beim Einlass liefen wir uns wieder \u00fcber den Weg. Sie signierte mir nun auch das zweite Buch pers\u00f6nlich. Als sie mit dem Lesen begann stellte sie uns kurz die Einteilung und die Protagonisten vor. &#8230; Dann ging es los &#8230; Sie begann nun zu lesen, langsam und deutlich, genau die richtige Lautst\u00e4rke und irgendetwas hat mich dann einfach gefesselt ihr ganz still zuzuh\u00f6ren. Es war irgendwie, &#8230; nun ich finde kein richtiges Wort daf\u00fcr, es war einfach nur WOW! Ulla Scheler wurde 1994 in Coburg geboren. B\u00fccher liebt sie schon seit ihrer Kindheit. Nach dem Abitur arbeitete sie in einem Krankenhaus, beim Fernsehen und in einem marokkanischen Hotel. Ihr Deb\u00fctroman &#8220;Es ist gef\u00e4hrlich, bei Sturm zu schwimmen&#8221; war bei Lesern und Presse gefeierter Erfolg. Er wurde au\u00dferdem f\u00fcr den Deutschen Jugendbuchpreis 2017 nominiert. Die Autorin lebt derzeit in Karlsruhe und studiert Informatik. Was mich auf die beiden B\u00fccher aufmerksam gemacht hatte, waren und sind einfach die langen Buchtitel, genau angepasst zum Buchinhalt. Perfekt!!!<\/strong> <\/em><\/span><\/p>\n<p><a href=\"http:\/\/richteronweb.de\/wp-content\/uploads\/2017\/11\/IMG_20171118_150224.jpg\"><img loading=\"lazy\" decoding=\"async\" class=\"alignnone wp-image-10061 size-medium\" src=\"http:\/\/richteronweb.de\/wp-content\/uploads\/2017\/11\/IMG_20171118_150224-225x300.jpg\" alt=\"\" width=\"225\" height=\"300\" srcset=\"https:\/\/www.richteronweb.de\/wp-content\/uploads\/2017\/11\/IMG_20171118_150224-225x300.jpg 225w, https:\/\/www.richteronweb.de\/wp-content\/uploads\/2017\/11\/IMG_20171118_150224-768x1024.jpg 768w, https:\/\/www.richteronweb.de\/wp-content\/uploads\/2017\/11\/IMG_20171118_150224-700x933.jpg 700w, https:\/\/www.richteronweb.de\/wp-content\/uploads\/2017\/11\/IMG_20171118_150224-900x1200.jpg 900w, https:\/\/www.richteronweb.de\/wp-content\/uploads\/2017\/11\/IMG_20171118_150224-1280x1707.jpg 1280w\" sizes=\"auto, (max-width: 225px) 100vw, 225px\" \/>\u00a0\u00a0\u00a0<\/a><a href=\"http:\/\/richteronweb.de\/wp-content\/uploads\/2017\/11\/IMG_20171118_155159.jpg\"><img loading=\"lazy\" decoding=\"async\" class=\"alignnone wp-image-10062 size-medium\" src=\"http:\/\/richteronweb.de\/wp-content\/uploads\/2017\/11\/IMG_20171118_155159-225x300.jpg\" alt=\"\" width=\"225\" height=\"300\" srcset=\"https:\/\/www.richteronweb.de\/wp-content\/uploads\/2017\/11\/IMG_20171118_155159-225x300.jpg 225w, https:\/\/www.richteronweb.de\/wp-content\/uploads\/2017\/11\/IMG_20171118_155159-768x1024.jpg 768w, https:\/\/www.richteronweb.de\/wp-content\/uploads\/2017\/11\/IMG_20171118_155159-700x933.jpg 700w, https:\/\/www.richteronweb.de\/wp-content\/uploads\/2017\/11\/IMG_20171118_155159-900x1200.jpg 900w, https:\/\/www.richteronweb.de\/wp-content\/uploads\/2017\/11\/IMG_20171118_155159-1280x1707.jpg 1280w\" sizes=\"auto, (max-width: 225px) 100vw, 225px\" \/><\/a><\/p>\n","protected":false},"excerpt":{"rendered":"<p>\u2606\u00b4\u00a8) . \u00b8.\u2022\u00b4 \u00b8.\u2022*\u00b4\u00a8) \u2606.(\u00af`\u2022.\u2022\u00b4\u00af) (.\u00b8.\u2022\u00b4 (\u00b8.\u2022` \u2606 \u00a4\u00ba.`\u2022.\u00b8.\u2022\u00b4 \u2606\u2026\u2026 Lesung mit Ulla Scheler Leider hatte es, am lit.Love Wochenende in M\u00fcnchen, nicht geklappt auf die Lesung von Ulla Scheler zu gehen. Aber kaum war ich zu Hause, habe ich &hellip; <a href=\"https:\/\/www.richteronweb.de\/?p=10060\">Weiterlesen <span class=\"meta-nav\">&rarr;<\/span><\/a><\/p>\n","protected":false},"author":1,"featured_media":0,"comment_status":"open","ping_status":"open","sticky":false,"template":"","format":"standard","meta":{"_jetpack_memberships_contains_paid_content":false,"footnotes":""},"categories":[1],"tags":[],"class_list":["post-10060","post","type-post","status-publish","format-standard","hentry","category-lesebuch"],"jetpack_featured_media_url":"","jetpack_sharing_enabled":true,"_links":{"self":[{"href":"https:\/\/www.richteronweb.de\/index.php?rest_route=\/wp\/v2\/posts\/10060","targetHints":{"allow":["GET"]}}],"collection":[{"href":"https:\/\/www.richteronweb.de\/index.php?rest_route=\/wp\/v2\/posts"}],"about":[{"href":"https:\/\/www.richteronweb.de\/index.php?rest_route=\/wp\/v2\/types\/post"}],"author":[{"embeddable":true,"href":"https:\/\/www.richteronweb.de\/index.php?rest_route=\/wp\/v2\/users\/1"}],"replies":[{"embeddable":true,"href":"https:\/\/www.richteronweb.de\/index.php?rest_route=%2Fwp%2Fv2%2Fcomments&post=10060"}],"version-history":[{"count":6,"href":"https:\/\/www.richteronweb.de\/index.php?rest_route=\/wp\/v2\/posts\/10060\/revisions"}],"predecessor-version":[{"id":10102,"href":"https:\/\/www.richteronweb.de\/index.php?rest_route=\/wp\/v2\/posts\/10060\/revisions\/10102"}],"wp:attachment":[{"href":"https:\/\/www.richteronweb.de\/index.php?rest_route=%2Fwp%2Fv2%2Fmedia&parent=10060"}],"wp:term":[{"taxonomy":"category","embeddable":true,"href":"https:\/\/www.richteronweb.de\/index.php?rest_route=%2Fwp%2Fv2%2Fcategories&post=10060"},{"taxonomy":"post_tag","embeddable":true,"href":"https:\/\/www.richteronweb.de\/index.php?rest_route=%2Fwp%2Fv2%2Ftags&post=10060"}],"curies":[{"name":"wp","href":"https:\/\/api.w.org\/{rel}","templated":true}]}}