{"id":1000,"date":"2015-11-16T09:02:46","date_gmt":"2015-11-16T09:02:46","guid":{"rendered":"http:\/\/richteronweb.de\/?p=1000"},"modified":"2022-02-08T18:19:03","modified_gmt":"2022-02-08T17:19:03","slug":"lesung-und-werkstattgespraech-von-patrick-hertweck","status":"publish","type":"post","link":"https:\/\/www.richteronweb.de\/?p=1000","title":{"rendered":"Lesung und Werkstattgespr\u00e4ch: Patrick Hertweck"},"content":{"rendered":"<p><span id=\"fbPhotoSnowliftCaption\" class=\"fbPhotosPhotoCaption\" tabindex=\"0\" data-ft=\"{&quot;tn&quot;:&quot;K&quot;}\"><span class=\"hasCaption\"><span style=\"color: #000000;\"><em><strong>\u2606\u00b4\u00a8)<\/strong><\/em><\/span><br \/>\n<span style=\"color: #000000;\"> <em><strong> . \u00b8.\u2022\u00b4 \u00b8.\u2022*\u00b4\u00a8) \u2606.(\u00af`\u2022.\u2022\u00b4\u00af)<\/strong><\/em><\/span><br \/>\n<span style=\"color: #000000;\"> <em><strong> (.\u00b8.\u2022\u00b4 (\u00b8.\u2022` \u2606 \u00a4\u00ba.`\u2022.\u00b8.\u2022\u00b4 \u2606&#8230;&#8230;..\u2026 Lesung und Werkstattgespr\u00e4ch mit Patrick Hertweck<\/strong><\/em><\/span><br \/>\n<\/span><\/span><\/p>\n<p><span style=\"color: #000000;\"><strong><em>Ich war am 12. November 2015 in Gaggenau in der Stadtbibliothek zu einer Lesung mit Werkstattgespr\u00e4ch von dem Jugendbuchautor Patrick Hertweck. In diesem Gesp\u00e4ch das einem Interview gleicht, haben wir Buch &amp; Lesebegeisterte, etwas mehr Einblick in das Private Leben des Autoren erfahren d\u00fcrfen. Er ist in Baden Baden geboren, in Gaggenau aufgewachsen und nun lebt er in Freiburg mit seiner kleinen Familie. Er ist f\u00fcr die Kinder und den Haushalt zust\u00e4ndig, und daher nimmt er sich in der freien Zeit die Schreibzeit in einem Cafe, und schreibt dort was ihm so einf\u00e4llt. Sein Deb\u00fctroman &#8220;Maggie und die Stadt der Diebe&#8221; hat einen enormen Start in der Leserwelt begonnen. Er ist auch als Autor im Thienemann Verlag fest angestellt. Das Buch ist ein Hardcover und f\u00fcr Kinder\/Jugendliche im Alter von 11-13 angesetzt. Aber auch wir Erwachsene k\u00f6nnen es durchaus lesen und\u00a0 in die Zeit um 1870 nach New York reisen und in die Geschichte eintauchen . Ich bin neugierig, wie er nun so schreibt und erz\u00e4hlt. Denn ich habe es leider noch nicht gelesen. Es war ein sehr sch\u00f6ner Abend, der mir in Erinnerung bleiben wird. Danke!<\/em><\/strong><\/span><\/p>\n<p><a href=\"http:\/\/richteronweb.de\/wp-content\/uploads\/2015\/11\/11223542_542736892546296_9012536364827496850_n.jpg\"><img loading=\"lazy\" decoding=\"async\" class=\"alignnone wp-image-1003\" src=\"http:\/\/richteronweb.de\/wp-content\/uploads\/2015\/11\/11223542_542736892546296_9012536364827496850_n-300x225.jpg\" alt=\"11223542_542736892546296_9012536364827496850_n\" width=\"347\" height=\"260\" srcset=\"https:\/\/www.richteronweb.de\/wp-content\/uploads\/2015\/11\/11223542_542736892546296_9012536364827496850_n-300x225.jpg 300w, https:\/\/www.richteronweb.de\/wp-content\/uploads\/2015\/11\/11223542_542736892546296_9012536364827496850_n.jpg 960w\" sizes=\"auto, (max-width: 347px) 100vw, 347px\" \/><\/a><\/p>\n","protected":false},"excerpt":{"rendered":"<p>\u2606\u00b4\u00a8) . \u00b8.\u2022\u00b4 \u00b8.\u2022*\u00b4\u00a8) \u2606.(\u00af`\u2022.\u2022\u00b4\u00af) (.\u00b8.\u2022\u00b4 (\u00b8.\u2022` \u2606 \u00a4\u00ba.`\u2022.\u00b8.\u2022\u00b4 \u2606&#8230;&#8230;..\u2026 Lesung und Werkstattgespr\u00e4ch mit Patrick Hertweck Ich war am 12. November 2015 in Gaggenau in der Stadtbibliothek zu einer Lesung mit Werkstattgespr\u00e4ch von dem Jugendbuchautor Patrick Hertweck. In diesem Gesp\u00e4ch &hellip; <a href=\"https:\/\/www.richteronweb.de\/?p=1000\">Weiterlesen <span class=\"meta-nav\">&rarr;<\/span><\/a><\/p>\n","protected":false},"author":1,"featured_media":0,"comment_status":"open","ping_status":"open","sticky":false,"template":"","format":"standard","meta":{"_jetpack_memberships_contains_paid_content":false,"footnotes":""},"categories":[1],"tags":[],"class_list":["post-1000","post","type-post","status-publish","format-standard","hentry","category-lesebuch"],"jetpack_featured_media_url":"","jetpack_sharing_enabled":true,"_links":{"self":[{"href":"https:\/\/www.richteronweb.de\/index.php?rest_route=\/wp\/v2\/posts\/1000","targetHints":{"allow":["GET"]}}],"collection":[{"href":"https:\/\/www.richteronweb.de\/index.php?rest_route=\/wp\/v2\/posts"}],"about":[{"href":"https:\/\/www.richteronweb.de\/index.php?rest_route=\/wp\/v2\/types\/post"}],"author":[{"embeddable":true,"href":"https:\/\/www.richteronweb.de\/index.php?rest_route=\/wp\/v2\/users\/1"}],"replies":[{"embeddable":true,"href":"https:\/\/www.richteronweb.de\/index.php?rest_route=%2Fwp%2Fv2%2Fcomments&post=1000"}],"version-history":[{"count":8,"href":"https:\/\/www.richteronweb.de\/index.php?rest_route=\/wp\/v2\/posts\/1000\/revisions"}],"predecessor-version":[{"id":18343,"href":"https:\/\/www.richteronweb.de\/index.php?rest_route=\/wp\/v2\/posts\/1000\/revisions\/18343"}],"wp:attachment":[{"href":"https:\/\/www.richteronweb.de\/index.php?rest_route=%2Fwp%2Fv2%2Fmedia&parent=1000"}],"wp:term":[{"taxonomy":"category","embeddable":true,"href":"https:\/\/www.richteronweb.de\/index.php?rest_route=%2Fwp%2Fv2%2Fcategories&post=1000"},{"taxonomy":"post_tag","embeddable":true,"href":"https:\/\/www.richteronweb.de\/index.php?rest_route=%2Fwp%2Fv2%2Ftags&post=1000"}],"curies":[{"name":"wp","href":"https:\/\/api.w.org\/{rel}","templated":true}]}}